{"id":421,"date":"2017-06-01T09:56:54","date_gmt":"2017-06-01T06:56:54","guid":{"rendered":"https:\/\/suomenkuvalehti.fi\/ajolahto\/?p=421"},"modified":"2017-06-01T13:45:19","modified_gmt":"2017-06-01T10:45:19","slug":"saksan-mallissa-yritykset-maksavat-valtaosan-ammatillisesta-koulutuksesta","status":"publish","type":"post","link":"https:\/\/suomenkuvalehti.fi\/ajolahto\/2017\/06\/01\/saksan-mallissa-yritykset-maksavat-valtaosan-ammatillisesta-koulutuksesta\/","title":{"rendered":"Saksan mallissa yritykset maksavat valtaosan ammatillisesta koulutuksesta\u00a0"},"content":{"rendered":"\n<p>Ammatillista koulutusta kehitet\u00e4\u00e4n entist\u00e4 ty\u00f6el\u00e4m\u00e4l\u00e4ht\u00f6isemm\u00e4ksi. Reformissa yksi paljon puhuttu uudistus on <a href=\"http:\/\/minedu.fi\/julkaisu?pubid=URN:ISBN:978-952-263-393-4\">koulutussopimus<\/a>, joka voidaan solmia ty\u00f6nantajan, oppilaitoksen ja opiskelijan v\u00e4lille.<\/p>\n\n\n\n<p>Opiskelija voi opiskella ty\u00f6paikalla nykyist\u00e4 laajempia osia tutkinnosta tai jopa suurimman osan siit\u00e4 \u2013&nbsp;v\u00e4h\u00e4n kuin oppisopimuksessa mutta ilman palkkaa.<\/p>\n\n\n\n<p>Ty\u00f6paikalla oppimisen ihanteena heitet\u00e4\u00e4n usein ilmaan \u201cSaksan malli\u201d. Saksassa yli puolet nuorista suorittaa suuren osan tutkinnostaan ty\u00f6paikalla ja osan koulussa.&nbsp;Heille ty\u00f6paikalla kouluttautumisesta&nbsp;maksetaan pient\u00e4 korvausta.<\/p>\n\n\n\n<p>(K\u00e4sitett\u00e4 Saksan malli k\u00e4ytet\u00e4\u00e4n my\u00f6s laajemmin saksalaisesta ty\u00f6voimapolitiikasta, jossa ty\u00f6tt\u00f6mi\u00e4 aktivoidaan&nbsp;tiukentamalla ty\u00f6tt\u00f6myyskorvauksen ehtoja ja patistamalla leiv\u00e4nsyrj\u00e4\u00e4n vaikka sitten kehnommilla ty\u00f6ehdoilla, <a href=\"http:\/\/www.nuorisotutkimusseura.fi\/images\/julkaisuja\/nuorisotakuun_arki_ja_politiikka.pdf\">t\u00e4st\u00e4 mm. Anu-Hanna Anttilan kirjoitus<\/a>&nbsp;Nuorisotutkimusseuran julkaisussa.)<\/p>\n\n\n\n<p>Koulutuspuolen Saksan mallista on tullut vientihitti, jota ihaillaan ja kopioidaan vaihtelevilla tyyleill\u00e4 eri maissa. Kiinnostusta her\u00e4tt\u00e4\u00e4 Saksan poikkeuksellisen alhainen nuorisoty\u00f6tt\u00f6myys.&nbsp;Saksan malli toimii my\u00f6s helppona taikasanana, jolloin j\u00e4\u00e4 tarkentamatta, mit\u00e4 sielt\u00e4 oikeastaan halutaan kopioida.<\/p>\n\n\n\n<p>Ainakin n\u00e4m\u00e4 asiat kannattaa Saksan mallista muistaa:<\/p>\n\n\n\n<p><b>1. Saksalaiset yritykset kantavat valtaosan ammatillisen koulutuksen kuluista.<\/b><\/p>\n\n\n\n<p>Kyselin kev\u00e4\u00e4ll\u00e4 suomalaisilta yritt\u00e4jien aluej\u00e4rjest\u00f6ilt\u00e4, mit\u00e4 niiss\u00e4 tuumataan ty\u00f6ss\u00e4oppimisen laajentamisesta.&nbsp;Vastauksista kuului, ett\u00e4 ty\u00f6ss\u00e4oppijoita kyll\u00e4 otettaisiin moneen firmaan ja k\u00e4yt\u00e4nn\u00f6llist\u00e4 opiskelun&nbsp;muotoa pidet\u00e4\u00e4n arvossa, mutta ei opiskelijoista haluta kustannuksia \u2013&nbsp;pikemmin tarvittaisiin vaivanpalkkaa.<\/p>\n\n\n\n<p>&#8221;Kukaan yritt\u00e4j\u00e4 ei ole l\u00e4htem\u00e4ss\u00e4 tutkintojen maksajaksi\u201d, er\u00e4s yritt\u00e4j\u00e4 totesi.<\/p>\n\n\n\n<p>Saksassa yrityksill\u00e4 on pitk\u00e4 perinne osallistua nuorten kouluttamiseen, my\u00f6s taloudellisesti.&nbsp;Saksalaiset yritykset maksavat ammatillisesta koulutuksesta huikeat 75 prosenttia, 25,6 miljardia euroa vuodessa. Valtion koulutusbudjetti on 8,7 miljardia euroa.<\/p>\n\n\n\n<p>Saksalaisen oppisopimusopiskelijan vuosi maksaa yritykselle 15000\u201317000 euroa. Kuluista merkitt\u00e4v\u00e4 osa syntyy opiskelijalle maksettavasta korvauksesta, joka tosin voi olla alussa vain muutama sata euroa kuukaudessa. Opiskelija tuottaa yritykselle ty\u00f6panoksellaan, mutta alkuvaiheessa selv\u00e4sti v\u00e4hemm\u00e4n kuin h\u00e4nen kouluttamisensa maksaa.<\/p>\n\n\n\n<p>Yritykset maksavat itse my\u00f6s muun muassa ty\u00f6paikkaohjaajan koulutuksen, joka saattaa kest\u00e4\u00e4 satoja tunteja. Isoilla yrityksill\u00e4 on kauppakamarien kautta t\u00e4rke\u00e4 rooli koulutuksen kehitt\u00e4jin\u00e4.<\/p>\n\n\n\n<p><b>2. Homma toimii silloin kun&nbsp;ty\u00f6markkinat imev\u00e4t ty\u00f6voimaa.<\/b><\/p>\n\n\n\n<p>Suurella osalla saksalaisista yrityksist\u00e4 ei ole mahdollisuutta tai halua ottaa koulutettavia. Mukana on 20 prosenttia maan yrityksist\u00e4.<\/p>\n\n\n\n<p>Koulutuspaikkoja tarjoavat eniten isot, menestyv\u00e4t vientiveturit, joilla on jatkuvaa tarvetta osaavalle ty\u00f6voimalle sek\u00e4 varaa ja kyky\u00e4 n\u00e4hd\u00e4 ihmisten kouluttaminen investointina tulevaisuuteen.<\/p>\n\n\n\n<p>Saksan malli on toiminut hyvin siin\u00e4 maailmassa, jossa ty\u00f6paikkoja on riitt\u00e4nyt. Koulutus- ja ty\u00f6putki Siemensill\u00e4 tai Mercedes-Benzill\u00e4 on nuorille onnenpotku, mutta el\u00e4m\u00e4nik\u00e4inen ura yhdess\u00e4 yrityksess\u00e4 ei en\u00e4\u00e4 ole varmaa Saksassakaan.&nbsp;Vaikka monille opiskelu ty\u00f6ss\u00e4 johtaa vakipaikkaan, <a href=\"https:\/\/www.eurofound.europa.eu\/observatories\/eurwork\/articles\/working-conditions\/germany-working-conditions-in-apprenticeships\">osa j\u00e4\u00e4 ilman ty\u00f6paikkaa tai saa tyyty\u00e4 p\u00e4tk\u00e4t\u00f6ihin. <\/a>Saksaan on syntynyt laajat matalapalkkaiset prekaarity\u00f6markkinat kehnosti korvattuine minit\u00f6ineen, ja kapeaan teht\u00e4v\u00e4\u00e4n koulutetulla on riski pudota n\u00e4iden armoille.<\/p>\n\n\n\n<p>Vaikka Saksassa on tarjolla enemm\u00e4n oppisopimuspaikkoja kuin on hakijoita, kohtaanto-ongelma on melkoinen sek\u00e4 alueesta ett\u00e4 opiskelijan osaamisesta riippuen.&nbsp;Samaan aikaan osa paikoista ei t\u00e4yty mill\u00e4\u00e4n, mutta paljon opiskelijoita j\u00e4\u00e4 v\u00e4livuosille, kun sopivaa paikkaa ei l\u00f6ydy.<\/p>\n\n\n\n<p>Suomessa ammattiopistojen opettajat valittelevat, ett\u00e4 ty\u00f6ss\u00e4oppimispaikkoja ei riit\u00e4 nytk\u00e4\u00e4n kaikilla aloilla ja alueilla. Jotkin yritykset eiv\u00e4t ota ollenkaan alle 18-vuotiaita. S\u00e4hk\u00f6ala&nbsp;on&nbsp;ottanut n\u00e4kyv\u00e4sti kantaa siihen, ettei&nbsp;se&nbsp;voi&nbsp;kantaa yht\u00e4\u00e4n enemp\u00e4\u00e4 koulutusvastuuta keskener\u00e4isist\u00e4 ammattiosaajista.<\/p>\n\n\n\n<p>Tulevan koulutussopimuksen pit\u00e4\u00e4 jollain keinoin houkuttaa yrityksi\u00e4, niin ett\u00e4 opiskelijoita haluavat ottaa nekin, joilla ei ole nykyisell\u00e4\u00e4n akuuttia tarvetta ty\u00f6voimalle. Samaan aikaan opiskelijoita ei saa k\u00e4ytt\u00e4\u00e4 ilmaisina hanttihommien puurtajina.<\/p>\n\n\n\n<p><strong>3.<\/strong> <b>Saksassa ei menn\u00e4 ty\u00f6nantajan pillin mukaan.<\/b><\/p>\n\n\n\n<p>Saksan ty\u00f6el\u00e4m\u00e4l\u00e4ht\u00f6ist\u00e4 opiskelua&nbsp;kehuessa on hyv\u00e4 huomata, ett\u00e4 siell\u00e4 koulutus on j\u00e4rjestetty hyvinkin keskusjohtoisesti ja byrokraattisesti, valmiiden raamien mukaan.&nbsp;Opetussuunnitelmassa on m\u00e4\u00e4ritelty tarkasti, montako p\u00e4iv\u00e4\u00e4 mihinkin opintoon k\u00e4ytet\u00e4\u00e4n aikaa.<\/p>\n\n\n\n<p>Saksalaisilla opiskelijoilla ei my\u00f6sk\u00e4\u00e4n saa teett\u00e4\u00e4 koulutussuunnitelmaan kuulumattomia teht\u00e4vi\u00e4. (S\u00e4\u00e4nt\u00f6\u00e4 tosin rikotaan:&nbsp;<a href=\"http:\/\/www.spiegel.de\/karriere\/dgb-report-zur-ausbildung-jeder-zehnte-azubi-arbeitet-ohne-anleitung-a-1110438.html\"><i>Der Spiegel<\/i> -lehden mukaan<\/a>&nbsp;joka kymmenes ty\u00f6ss\u00e4 oppija tekee ty\u00f6paikalla s\u00e4\u00e4nn\u00f6llisesti teht\u00e4vi\u00e4, jotka eiv\u00e4t kuulu h\u00e4nen koulutukseensa.)<\/p>\n\n\n\n<p>Suomalaiset yritt\u00e4j\u00e4t toivovat uudelta koulutussopimukselta ep\u00e4byrokraattisuutta. Juuri yksil\u00f6llisyyteen ja joustavuuteen pyrkii ammatillisen koulutuksen reformikin. Tutkinto ei ole kaikille samanlainen, mutta silti laatutason ja jatko-opintokelpoisuuden pit\u00e4\u00e4 olla sama. Haaste on kova.<\/p>\n\n\n\n<p>Yksil\u00f6lliset oppimispolut kuulostavat hyvin toteutuessaan hienolta asialta.&nbsp;Mutta jos valmiiksi raamitetut opintosuunnitelmat vaativat resursseja, kaikille yksil\u00f6llisten opintopolkujen suunnittelu niit\u00e4 vasta vaatiikin.<\/p>\n\n\n\n<p>Pelkk\u00e4 ty\u00f6 ei tekij\u00e4\u00e4ns\u00e4 opeta.<\/p>\n\n\n","protected":false},"excerpt":{"rendered":"<p>Ammatillista koulutusta kehitet\u00e4\u00e4n entist\u00e4 ty\u00f6el\u00e4m\u00e4l\u00e4ht\u00f6isemm\u00e4ksi. <\/p>\n","protected":false},"author":9297,"featured_media":0,"comment_status":"open","ping_status":"closed","sticky":false,"template":"","format":"standard","meta":{"_acf_changed":false,"asauth_required_access_level":0,"asauth_cansharepaid":"true","om_header_attributes":[],"footnotes":"","om_featured_image_focal_point":[],"om_primary_tag":0,"om_contributors":[],"om_co_authors":[],"beyondwords_generate_audio":"","beyondwords_project_id":"","beyondwords_content_id":"","beyondwords_preview_token":"","beyondwords_player_content":"","beyondwords_player_style":"","beyondwords_language_code":"","beyondwords_language_id":"","beyondwords_title_voice_id":"","beyondwords_body_voice_id":"","beyondwords_summary_voice_id":"","beyondwords_error_message":"","beyondwords_disabled":"","beyondwords_delete_content":"","beyondwords_podcast_id":"","beyondwords_hash":"","publish_post_to_speechkit":"","speechkit_hash":"","speechkit_generate_audio":"","speechkit_project_id":"","speechkit_podcast_id":"","speechkit_error_message":"","speechkit_disabled":"","speechkit_access_key":"","speechkit_error":"","speechkit_info":"","speechkit_response":"","speechkit_retries":"","speechkit_status":"","speechkit_updated_at":"","_speechkit_link":"","_speechkit_text":""},"categories":[1],"tags":[237,239,240,83,238,236],"class_list":["post-421","post","type-post","status-publish","format-standard","hentry","category-ajolahto","tag-ammatillinen-koulutus","tag-koulutussopimus","tag-opiskelu","tag-oppisopimus","tag-saksa","tag-tyossaoppiminen"],"om_views":null,"acf":{"tuuma_off":false,"tuuma_kysymys":"","tuuma_vastaus":""},"asauth":{"required_access_level":1,"share_token":"","is_paid":false},"yoast_head":"<!-- This site is optimized with the Yoast SEO plugin v26.4 - https:\/\/yoast.com\/wordpress\/plugins\/seo\/ -->\n<title>Saksan mallissa yritykset maksavat valtaosan ammatillisesta koulutuksesta\u00a0 - Ajol\u00e4ht\u00f6<\/title>\n<meta name=\"robots\" content=\"index, follow, max-snippet:-1, max-image-preview:large, max-video-preview:-1\" \/>\n<link rel=\"canonical\" href=\"https:\/\/suomenkuvalehti.fi\/ajolahto\/2017\/06\/01\/saksan-mallissa-yritykset-maksavat-valtaosan-ammatillisesta-koulutuksesta\/\" \/>\n<meta property=\"og:locale\" content=\"fi_FI\" \/>\n<meta property=\"og:type\" content=\"article\" \/>\n<meta property=\"og:title\" content=\"Saksan mallissa yritykset maksavat valtaosan ammatillisesta koulutuksesta\u00a0 - Ajol\u00e4ht\u00f6\" \/>\n<meta property=\"og:description\" content=\"Ammatillista koulutusta kehitet\u00e4\u00e4n entist\u00e4 ty\u00f6el\u00e4m\u00e4l\u00e4ht\u00f6isemm\u00e4ksi.\" \/>\n<meta property=\"og:url\" content=\"https:\/\/suomenkuvalehti.fi\/ajolahto\/2017\/06\/01\/saksan-mallissa-yritykset-maksavat-valtaosan-ammatillisesta-koulutuksesta\/\" \/>\n<meta property=\"og:site_name\" content=\"Ajol\u00e4ht\u00f6\" \/>\n<meta property=\"article:published_time\" content=\"2017-06-01T06:56:54+00:00\" \/>\n<meta property=\"article:modified_time\" content=\"2017-06-01T10:45:19+00:00\" \/>\n<meta name=\"author\" content=\"Terhi Hautam\u00e4ki\" \/>\n<meta name=\"twitter:card\" content=\"summary_large_image\" \/>\n<meta name=\"twitter:label1\" content=\"Written by\" \/>\n\t<meta name=\"twitter:data1\" content=\"Terhi Hautam\u00e4ki\" \/>\n\t<meta name=\"twitter:label2\" content=\"Est. reading time\" \/>\n\t<meta name=\"twitter:data2\" content=\"4 minuuttia\" \/>\n<script type=\"application\/ld+json\" class=\"yoast-schema-graph\">{\"@context\":\"https:\/\/schema.org\",\"@graph\":[{\"@type\":\"WebPage\",\"@id\":\"https:\/\/suomenkuvalehti.fi\/ajolahto\/2017\/06\/01\/saksan-mallissa-yritykset-maksavat-valtaosan-ammatillisesta-koulutuksesta\/\",\"url\":\"https:\/\/suomenkuvalehti.fi\/ajolahto\/2017\/06\/01\/saksan-mallissa-yritykset-maksavat-valtaosan-ammatillisesta-koulutuksesta\/\",\"name\":\"Saksan mallissa yritykset maksavat valtaosan ammatillisesta koulutuksesta\u00a0 - Ajol\u00e4ht\u00f6\",\"isPartOf\":{\"@id\":\"https:\/\/suomenkuvalehti.fi\/ajolahto\/#website\"},\"datePublished\":\"2017-06-01T06:56:54+00:00\",\"dateModified\":\"2017-06-01T10:45:19+00:00\",\"author\":{\"@id\":\"https:\/\/suomenkuvalehti.fi\/ajolahto\/#\/schema\/person\/7221138cd9b129392555c3f29a6789a5\"},\"breadcrumb\":{\"@id\":\"https:\/\/suomenkuvalehti.fi\/ajolahto\/2017\/06\/01\/saksan-mallissa-yritykset-maksavat-valtaosan-ammatillisesta-koulutuksesta\/#breadcrumb\"},\"inLanguage\":\"fi\",\"potentialAction\":[{\"@type\":\"ReadAction\",\"target\":[\"https:\/\/suomenkuvalehti.fi\/ajolahto\/2017\/06\/01\/saksan-mallissa-yritykset-maksavat-valtaosan-ammatillisesta-koulutuksesta\/\"]}]},{\"@type\":\"BreadcrumbList\",\"@id\":\"https:\/\/suomenkuvalehti.fi\/ajolahto\/2017\/06\/01\/saksan-mallissa-yritykset-maksavat-valtaosan-ammatillisesta-koulutuksesta\/#breadcrumb\",\"itemListElement\":[{\"@type\":\"ListItem\",\"position\":1,\"name\":\"Home\",\"item\":\"https:\/\/suomenkuvalehti.fi\/ajolahto\/\"},{\"@type\":\"ListItem\",\"position\":2,\"name\":\"Saksan mallissa yritykset maksavat valtaosan ammatillisesta koulutuksesta\u00a0\"}]},{\"@type\":\"WebSite\",\"@id\":\"https:\/\/suomenkuvalehti.fi\/ajolahto\/#website\",\"url\":\"https:\/\/suomenkuvalehti.fi\/ajolahto\/\",\"name\":\"Ajol\u00e4ht\u00f6\",\"description\":\"Ajol\u00e4ht\u00f6-hanke on Koneen S\u00e4\u00e4ti\u00f6n Jakautuuko Suomi? -rahoituksen (2015\u20132017) saanut tutkimushanke, joka yhdist\u00e4\u00e4 journalismin, valokuvan ja tutkimuksen keinoja.\",\"potentialAction\":[{\"@type\":\"SearchAction\",\"target\":{\"@type\":\"EntryPoint\",\"urlTemplate\":\"https:\/\/suomenkuvalehti.fi\/haku\/?q={search_term_string}\"},\"query-input\":{\"@type\":\"PropertyValueSpecification\",\"valueRequired\":true,\"valueName\":\"search_term_string\"}}],\"inLanguage\":\"fi\"},{\"@type\":\"Person\",\"@id\":\"https:\/\/suomenkuvalehti.fi\/ajolahto\/#\/schema\/person\/7221138cd9b129392555c3f29a6789a5\",\"name\":\"Terhi Hautam\u00e4ki\",\"image\":{\"@type\":\"ImageObject\",\"inLanguage\":\"fi\",\"@id\":\"https:\/\/suomenkuvalehti.fi\/ajolahto\/#\/schema\/person\/image\/\",\"url\":\"https:\/\/suomenkuvalehti.fi\/ajolahto\/wp-content\/uploads\/sites\/38\/2016\/01\/terhi_hautamaki_-150x150.jpg\",\"contentUrl\":\"https:\/\/suomenkuvalehti.fi\/ajolahto\/wp-content\/uploads\/sites\/38\/2016\/01\/terhi_hautamaki_-150x150.jpg\",\"caption\":\"Terhi Hautam\u00e4ki\"},\"description\":\"Kirjoittaja on helsinkil\u00e4inen vapaa toimittaja ja yhteiskuntatieteiden maisteri, joka ty\u00f6skentelee Nuorisotutkimusverkostossa Ajol\u00e4ht\u00f6-hankkeessa.\"}]}<\/script>\n<!-- \/ Yoast SEO plugin. -->","yoast_head_json":{"title":"Saksan mallissa yritykset maksavat valtaosan ammatillisesta koulutuksesta\u00a0 - Ajol\u00e4ht\u00f6","robots":{"index":"index","follow":"follow","max-snippet":"max-snippet:-1","max-image-preview":"max-image-preview:large","max-video-preview":"max-video-preview:-1"},"canonical":"https:\/\/suomenkuvalehti.fi\/ajolahto\/2017\/06\/01\/saksan-mallissa-yritykset-maksavat-valtaosan-ammatillisesta-koulutuksesta\/","og_locale":"fi_FI","og_type":"article","og_title":"Saksan mallissa yritykset maksavat valtaosan ammatillisesta koulutuksesta\u00a0 - Ajol\u00e4ht\u00f6","og_description":"Ammatillista koulutusta kehitet\u00e4\u00e4n entist\u00e4 ty\u00f6el\u00e4m\u00e4l\u00e4ht\u00f6isemm\u00e4ksi.","og_url":"https:\/\/suomenkuvalehti.fi\/ajolahto\/2017\/06\/01\/saksan-mallissa-yritykset-maksavat-valtaosan-ammatillisesta-koulutuksesta\/","og_site_name":"Ajol\u00e4ht\u00f6","article_published_time":"2017-06-01T06:56:54+00:00","article_modified_time":"2017-06-01T10:45:19+00:00","author":"Terhi Hautam\u00e4ki","twitter_card":"summary_large_image","twitter_misc":{"Written by":"Terhi Hautam\u00e4ki","Est. reading time":"4 minuuttia"},"schema":{"@context":"https:\/\/schema.org","@graph":[{"@type":"WebPage","@id":"https:\/\/suomenkuvalehti.fi\/ajolahto\/2017\/06\/01\/saksan-mallissa-yritykset-maksavat-valtaosan-ammatillisesta-koulutuksesta\/","url":"https:\/\/suomenkuvalehti.fi\/ajolahto\/2017\/06\/01\/saksan-mallissa-yritykset-maksavat-valtaosan-ammatillisesta-koulutuksesta\/","name":"Saksan mallissa yritykset maksavat valtaosan ammatillisesta koulutuksesta\u00a0 - Ajol\u00e4ht\u00f6","isPartOf":{"@id":"https:\/\/suomenkuvalehti.fi\/ajolahto\/#website"},"datePublished":"2017-06-01T06:56:54+00:00","dateModified":"2017-06-01T10:45:19+00:00","author":{"@id":"https:\/\/suomenkuvalehti.fi\/ajolahto\/#\/schema\/person\/7221138cd9b129392555c3f29a6789a5"},"breadcrumb":{"@id":"https:\/\/suomenkuvalehti.fi\/ajolahto\/2017\/06\/01\/saksan-mallissa-yritykset-maksavat-valtaosan-ammatillisesta-koulutuksesta\/#breadcrumb"},"inLanguage":"fi","potentialAction":[{"@type":"ReadAction","target":["https:\/\/suomenkuvalehti.fi\/ajolahto\/2017\/06\/01\/saksan-mallissa-yritykset-maksavat-valtaosan-ammatillisesta-koulutuksesta\/"]}]},{"@type":"BreadcrumbList","@id":"https:\/\/suomenkuvalehti.fi\/ajolahto\/2017\/06\/01\/saksan-mallissa-yritykset-maksavat-valtaosan-ammatillisesta-koulutuksesta\/#breadcrumb","itemListElement":[{"@type":"ListItem","position":1,"name":"Home","item":"https:\/\/suomenkuvalehti.fi\/ajolahto\/"},{"@type":"ListItem","position":2,"name":"Saksan mallissa yritykset maksavat valtaosan ammatillisesta koulutuksesta\u00a0"}]},{"@type":"WebSite","@id":"https:\/\/suomenkuvalehti.fi\/ajolahto\/#website","url":"https:\/\/suomenkuvalehti.fi\/ajolahto\/","name":"Ajol\u00e4ht\u00f6","description":"Ajol\u00e4ht\u00f6-hanke on Koneen S\u00e4\u00e4ti\u00f6n Jakautuuko Suomi? -rahoituksen (2015\u20132017) saanut tutkimushanke, joka yhdist\u00e4\u00e4 journalismin, valokuvan ja tutkimuksen keinoja.","potentialAction":[{"@type":"SearchAction","target":{"@type":"EntryPoint","urlTemplate":"https:\/\/suomenkuvalehti.fi\/haku\/?q={search_term_string}"},"query-input":{"@type":"PropertyValueSpecification","valueRequired":true,"valueName":"search_term_string"}}],"inLanguage":"fi"},{"@type":"Person","@id":"https:\/\/suomenkuvalehti.fi\/ajolahto\/#\/schema\/person\/7221138cd9b129392555c3f29a6789a5","name":"Terhi Hautam\u00e4ki","image":{"@type":"ImageObject","inLanguage":"fi","@id":"https:\/\/suomenkuvalehti.fi\/ajolahto\/#\/schema\/person\/image\/","url":"https:\/\/suomenkuvalehti.fi\/ajolahto\/wp-content\/uploads\/sites\/38\/2016\/01\/terhi_hautamaki_-150x150.jpg","contentUrl":"https:\/\/suomenkuvalehti.fi\/ajolahto\/wp-content\/uploads\/sites\/38\/2016\/01\/terhi_hautamaki_-150x150.jpg","caption":"Terhi Hautam\u00e4ki"},"description":"Kirjoittaja on helsinkil\u00e4inen vapaa toimittaja ja yhteiskuntatieteiden maisteri, joka ty\u00f6skentelee Nuorisotutkimusverkostossa Ajol\u00e4ht\u00f6-hankkeessa."}]}},"_links":{"self":[{"href":"https:\/\/suomenkuvalehti.fi\/ajolahto\/wp-json\/wp\/v2\/posts\/421","targetHints":{"allow":["GET"]}}],"collection":[{"href":"https:\/\/suomenkuvalehti.fi\/ajolahto\/wp-json\/wp\/v2\/posts"}],"about":[{"href":"https:\/\/suomenkuvalehti.fi\/ajolahto\/wp-json\/wp\/v2\/types\/post"}],"author":[{"embeddable":true,"href":"https:\/\/suomenkuvalehti.fi\/ajolahto\/wp-json\/wp\/v2\/users\/9297"}],"replies":[{"embeddable":true,"href":"https:\/\/suomenkuvalehti.fi\/ajolahto\/wp-json\/wp\/v2\/comments?post=421"}],"version-history":[{"count":6,"href":"https:\/\/suomenkuvalehti.fi\/ajolahto\/wp-json\/wp\/v2\/posts\/421\/revisions"}],"predecessor-version":[{"id":427,"href":"https:\/\/suomenkuvalehti.fi\/ajolahto\/wp-json\/wp\/v2\/posts\/421\/revisions\/427"}],"wp:attachment":[{"href":"https:\/\/suomenkuvalehti.fi\/ajolahto\/wp-json\/wp\/v2\/media?parent=421"}],"wp:term":[{"taxonomy":"category","embeddable":true,"href":"https:\/\/suomenkuvalehti.fi\/ajolahto\/wp-json\/wp\/v2\/categories?post=421"},{"taxonomy":"post_tag","embeddable":true,"href":"https:\/\/suomenkuvalehti.fi\/ajolahto\/wp-json\/wp\/v2\/tags?post=421"}],"curies":[{"name":"wp","href":"https:\/\/api.w.org\/{rel}","templated":true}]}}