{"id":585,"date":"2023-11-15T14:39:25","date_gmt":"2023-11-15T12:39:25","guid":{"rendered":"https:\/\/suomenkuvalehti.fi\/afgaaninaisen-katse\/?p=585"},"modified":"2023-11-15T14:39:26","modified_gmt":"2023-11-15T12:39:26","slug":"vesipula-naannyttaa-kabulin-asukkaita-janoon","status":"publish","type":"post","link":"https:\/\/suomenkuvalehti.fi\/afgaaninaisen-katse\/vesipula-naannyttaa-kabulin-asukkaita-janoon\/","title":{"rendered":"Vesipula n\u00e4\u00e4nnytt\u00e4\u00e4 Kabulin asukkaita janoon"},"content":{"rendered":"\n<p><span class=\"capitalized\">L\u00c4HES 80 PROSENTTIA<\/span> afganistanilaisista perheist\u00e4 ei YK:n tilastojen mukaan saa riitt\u00e4v\u00e4sti vett\u00e4 p\u00e4ivitt\u00e4isiin tarpeisiinsa. Afganistan on sis\u00e4maavaltio ilman merkitt\u00e4vi\u00e4 vesivarantoja, ja ilmastonmuutoksen pahentama kuivuus on heijastuu koko maahan.<\/p>\n\n\n\n<p>P\u00e4\u00e4kaupunki Kabulin l\u00e4ntisen osan asukkaat joutuvat jonottamaan jopa tuntikausia pitkiss\u00e4 jonoissa saadakseen arkeen tarvitsemaansa vett\u00e4.<\/p>\n\n\n\n<p><span class=\"capitalized\">JUOMAVEDEN<\/span> puute on huutava. Esimerkiksi Dasht-e-Barchin kaupunginosassa vesi on s\u00e4iden l\u00e4mmetty\u00e4 loppunut. Veden puute on jatkunut jo useita kuukausia.<\/p>\n\n\n\n<p>Nelj\u00e4n lapsen \u00e4iti <strong>Fatema<\/strong> kertoo olevansa sairas ja odottaneensa tuntikausia vett\u00e4 jonossa paahtavan auringon alla.\u00a0<\/p>\n\n\n\n<p>\u201dOdottaminen polttavassa auringossa on sairastuttanut minut, ja olen menett\u00e4nyt toivoni el\u00e4m\u00e4ss\u00e4\u201d, h\u00e4n sanoo.<\/p>\n\n\n\n<p><span class=\"capitalized\">VESIHUOLTOLAITOS<\/span> on katkaissut veden jakelun Kabulin 13. kaupunginosassa. <strong>Muhammad Ali<\/strong> ja <strong>Juma<\/strong>, jotka ovat asuneet siell\u00e4 yli seitsem\u00e4n vuotta, sanovat olevansa el\u00e4m\u00e4ns\u00e4 pahimmassa tilanteessa. Vett\u00e4 ei tule, eik\u00e4 yksik\u00e4\u00e4n viranomainen ole ollut yhteydess\u00e4 n\u00e4ihin k\u00f6yhiin ihmisiin.<\/p>\n\n\n\n<p>Juomavesi on haettava kilometrien takaa, ja tuntikausien odottelun j\u00e4lkeen kotiin tuotavana on vain muutama tynnyri vett\u00e4. Joku perheenj\u00e4senist\u00e4 on koko ajan jonottamassa vett\u00e4 perheelle. Siit\u00e4 huolimatta perhe on joutunut olemaan ilman vett\u00e4 useiden p\u00e4ivien ajan.&nbsp;<\/p>\n\n\n<figure class=\"wp-block-image size-large alignnone\">\n  <div class=\"wp-block-image__inner-container\">\n    <a href=\"https:\/\/suomenkuvalehti.fi\/afgaaninaisen-katse\/wp-content\/uploads\/sites\/49\/2023\/11\/water-article-1.jpg\"><img loading=\"lazy\" decoding=\"async\" src=\"https:\/\/suomenkuvalehti.fi\/afgaaninaisen-katse\/wp-content\/uploads\/sites\/49\/2023\/11\/water-article-1-1024x768.jpg\" alt=\"\" class=\"wp-image-586\" width=\"1080\" height=\"810\" style=\"--aspect-ratio: 1.33\" srcset=\"https:\/\/suomenkuvalehti.fi\/afgaaninaisen-katse\/wp-content\/uploads\/sites\/49\/2023\/11\/water-article-1-1024x768.jpg 1024w, https:\/\/suomenkuvalehti.fi\/afgaaninaisen-katse\/wp-content\/uploads\/sites\/49\/2023\/11\/water-article-1-600x450.jpg 600w, https:\/\/suomenkuvalehti.fi\/afgaaninaisen-katse\/wp-content\/uploads\/sites\/49\/2023\/11\/water-article-1-768x576.jpg 768w, https:\/\/suomenkuvalehti.fi\/afgaaninaisen-katse\/wp-content\/uploads\/sites\/49\/2023\/11\/water-article-1.jpg 1080w\" sizes=\"auto, (max-width: 1080px) 100vw, 1080px\" \/><\/a>    <figcaption class=\"wp-block-image__figcaption\">\n      Kuivuus riivaa ankarasti eri puolilla Afganistania. Naiset ja lapset joutuvat kaupungeissa jonottamaan elint\u00e4rke\u00e4\u00e4 vett\u00e4 kuumilla ja kuivilla kaduilla.          <\/figcaption>\n      <\/div>\n<\/figure>\n\n\n\n<p><span class=\"capitalized\">YKSITYINEN<\/span> yritys lopetti veden jakelun, vaikka se aiemmin oli tehnyt sit\u00e4 rahaa vastaan. Asukkaiden mukaan alueella ei ole valtion vesihuoltoj\u00e4rjestelm\u00e4\u00e4. Ihmisill\u00e4 ei ole varaa kaivaa omia kaivoja. Siksi he odottavat tuntikausia saadakseen vett\u00e4 moskeijoista ja julkisista jakelupisteist\u00e4.<\/p>\n\n\n\n<p><span class=\"capitalized\">VEDEN PINTA<\/span> on laskenut Afganistanin p\u00e4\u00e4kaupungissa monilla alueilla. L\u00e4nsi-Kabulin asukkaat Pole Khushkissa kertovat odottaneensa yht\u00e4 ainoaa vesikanisteria l\u00e4hes vuorokauden.\u00a0<\/p>\n\n\n\n<p>K\u00f6yhyys ja juomaveden puute ovat tehneet el\u00e4m\u00e4st\u00e4 synkk\u00e4\u00e4, kertovat tuhannet vedenpuutteesta k\u00e4rsiv\u00e4t k\u00f6yh\u00e4t kansalaiset.<\/p>\n\n\n\n<p><span class=\"capitalized\">MINISTERI\u00d6ILL\u00c4<\/span> on suunnitelmia pohjaveden k\u00e4yt\u00f6n suhteen. Energia- ja vesiministeri\u00f6n vesiohjelmien koordinoinnista vastaava p\u00e4\u00e4llikk\u00f6 <strong>Rafiullah Stanakzai<\/strong> sanoo, ett\u00e4 tilanteen korjaamiseksi on meneill\u00e4\u00e4n useita projekteja: Kabul-Panjshirin vesikanavahanke, Shah Tut -hanke ja Shah Arous -hanke, jotka toimittavat tulevaisuudessa vett\u00e4 Kabuliin &#8211; kunhan tekninen tarkastus on tehty ja ty\u00f6t n\u00e4iden hankkeiden edist\u00e4miseksi voidaan aloittaa.<\/p>\n\n\n\n<p>Viranomaisten mielest\u00e4 syyn\u00e4 pohjaveden v\u00e4henemiselle ovat ennen kaikkea v\u00e4est\u00f6nkasvu ja pohjaveden liikak\u00e4ytt\u00f6.&nbsp;<\/p>\n\n\n<figure class=\"wp-block-image size-large alignnone\">\n  <div class=\"wp-block-image__inner-container\">\n    <a href=\"https:\/\/suomenkuvalehti.fi\/afgaaninaisen-katse\/wp-content\/uploads\/sites\/49\/2023\/11\/water-article-2.jpg\"><img loading=\"lazy\" decoding=\"async\" src=\"https:\/\/suomenkuvalehti.fi\/afgaaninaisen-katse\/wp-content\/uploads\/sites\/49\/2023\/11\/water-article-2-1024x768.jpg\" alt=\"\" class=\"wp-image-587\" width=\"1080\" height=\"810\" style=\"--aspect-ratio: 1.33\" srcset=\"https:\/\/suomenkuvalehti.fi\/afgaaninaisen-katse\/wp-content\/uploads\/sites\/49\/2023\/11\/water-article-2-1024x768.jpg 1024w, https:\/\/suomenkuvalehti.fi\/afgaaninaisen-katse\/wp-content\/uploads\/sites\/49\/2023\/11\/water-article-2-600x450.jpg 600w, https:\/\/suomenkuvalehti.fi\/afgaaninaisen-katse\/wp-content\/uploads\/sites\/49\/2023\/11\/water-article-2-768x576.jpg 768w, https:\/\/suomenkuvalehti.fi\/afgaaninaisen-katse\/wp-content\/uploads\/sites\/49\/2023\/11\/water-article-2.jpg 1080w\" sizes=\"auto, (max-width: 1080px) 100vw, 1080px\" \/><\/a>    <figcaption class=\"wp-block-image__figcaption\">\n      Kabulin monissa kaupunginosissa vesipula vie voimia ihmisten muutenkin karusta arjesta. Kuivuus kurjistaa ja n\u00e4\u00e4nnytt\u00e4\u00e4&nbsp; haastavaa ja ankaraa arkea.<strong>&nbsp;&nbsp;<\/strong>          <\/figcaption>\n      <\/div>\n<\/figure>\n\n\n\n<p><span class=\"capitalized\">VESIPULA<\/span> kaipaa kuitenkin ratkaisua nopeasti. Taliban-hallinnolla ei ole kunnollista suunnitelmaa juomaveden ja kansalaisten perustarpeiden tyydytt\u00e4miseksi. Kuivuuden riivaaman maan tulevaisuus n\u00e4ytt\u00e4\u00e4 synk\u00e4lt\u00e4.\u00a0<\/p>\n\n\n\n<p>Kahdeksan asukasta kymmenest\u00e4 juo jo nyt likaista vett\u00e4 Afganistanissa.&nbsp;<\/p>\n\n\n\n<p>T\u00e4m\u00e4 ja monet muut tilannetiedot maan vesitilanteesta l\u00f6ytyv\u00e4t <a href=\"n raportista\" target=\"_blank\" rel=\"noreferrer noopener\">YK:n raportista<\/a>:\u00a0\u00a0<\/p>\n\n\n\n<p>&#8211; 93 prosenttia Afganistanin lapsista (15,6 miljoonaa lasta) asuu alueilla, joilla vedensaanti on vaarantunut vakavasti tai \u00e4\u00e4rimm\u00e4isen vakavasti.&nbsp;<\/p>\n\n\n\n<p>&#8211; L\u00e4hes 4,2 miljoonaa ihmist\u00e4 k\u00e4ytt\u00e4\u00e4 ulkok\u00e4ym\u00e4l\u00e4\u00e4.&nbsp;<\/p>\n\n\n\n<p>&#8211; Viidell\u00e4 kymmenest\u00e4 afganistanilaisesta ei ole k\u00e4yt\u00f6ss\u00e4\u00e4n kunnollisia saniteettitiloja eik\u00e4 heill\u00e4 siten ole kelvollista vesihuoltoa eik\u00e4 j\u00e4tehuoltoa.<\/p>\n\n\n\n<p>&#8211; Yli kuudella kymmenest\u00e4 afganistanilaisesta ei ole k\u00e4yt\u00f6ss\u00e4\u00e4n kunnollisia hygieniatiloja kuten suihkuja tai k\u00e4ym\u00e4l\u00f6it\u00e4.&nbsp;<\/p>\n\n\n\n<p>&#8211; Noin 94 prosentissa afganistanilaisista kouluista ei ole mahdollisuutta k\u00e4sien pesuun.&nbsp;<\/p>\n\n\n\n<p>&#8211; Noin 35 prosentissa terveydenhuoltolaitoksista ei ole saatavilla juomavett\u00e4.<\/p>\n","protected":false},"excerpt":{"rendered":"<p>L\u00c4HES 80 PROSENTTIA afganistanilaisista perheist\u00e4 ei YK:n tilastojen mukaan saa riitt\u00e4v\u00e4sti vett\u00e4 p\u00e4ivitt\u00e4isiin tarpeisiinsa. Afganistan on sis\u00e4maavaltio ilman merkitt\u00e4vi\u00e4 vesivarantoja, ja ilmastonmuutoksen pahentama kuivuus on heijastuu koko maahan. P\u00e4\u00e4kaupunki Kabulin<br \/>\nl\u00e4ntisen os&hellip;<\/p>\n","protected":false},"author":74442,"featured_media":0,"comment_status":"open","ping_status":"open","sticky":false,"template":"","format":"standard","meta":{"_acf_changed":false,"asauth_required_access_level":1,"asauth_cansharepaid":"true","om_header_attributes":[],"footnotes":"","om_featured_image_focal_point":[],"om_primary_tag":0,"om_contributors":[],"om_co_authors":[],"beyondwords_generate_audio":"","beyondwords_project_id":"","beyondwords_content_id":"","beyondwords_preview_token":"","beyondwords_player_content":"","beyondwords_player_style":"","beyondwords_language_code":"","beyondwords_language_id":"","beyondwords_title_voice_id":"","beyondwords_body_voice_id":"","beyondwords_summary_voice_id":"","beyondwords_error_message":"","beyondwords_disabled":"","beyondwords_delete_content":"","beyondwords_podcast_id":"","beyondwords_hash":"","publish_post_to_speechkit":"","speechkit_hash":"","speechkit_generate_audio":"","speechkit_project_id":"","speechkit_podcast_id":"","speechkit_error_message":"","speechkit_disabled":"","speechkit_access_key":"","speechkit_error":"","speechkit_info":"","speechkit_response":"","speechkit_retries":"","speechkit_status":"","speechkit_updated_at":"","_speechkit_link":"","_speechkit_text":""},"categories":[1],"tags":[],"class_list":["post-585","post","type-post","status-publish","format-standard","hentry","category-yleinen"],"om_views":null,"acf":{"tuuma_off":false,"tuuma_kysymys":"","tuuma_vastaus":""},"asauth":{"required_access_level":1,"share_token":"","is_paid":false},"yoast_head":"<!-- This site is optimized with the Yoast SEO plugin v26.4 - https:\/\/yoast.com\/wordpress\/plugins\/seo\/ -->\n<title>Vesipula n\u00e4\u00e4nnytt\u00e4\u00e4 Kabulin asukkaita janoon - Afgaaninaisen katse<\/title>\n<meta name=\"robots\" content=\"index, follow, max-snippet:-1, max-image-preview:large, max-video-preview:-1\" \/>\n<link rel=\"canonical\" href=\"https:\/\/suomenkuvalehti.fi\/afgaaninaisen-katse\/vesipula-naannyttaa-kabulin-asukkaita-janoon\/\" \/>\n<meta property=\"og:locale\" content=\"fi_FI\" \/>\n<meta property=\"og:type\" content=\"article\" \/>\n<meta property=\"og:title\" content=\"Vesipula n\u00e4\u00e4nnytt\u00e4\u00e4 Kabulin asukkaita janoon - Afgaaninaisen katse\" \/>\n<meta property=\"og:description\" content=\"L\u00c4HES 80 PROSENTTIA afganistanilaisista perheist\u00e4 ei YK:n tilastojen mukaan saa riitt\u00e4v\u00e4sti vett\u00e4 p\u00e4ivitt\u00e4isiin tarpeisiinsa. Afganistan on sis\u00e4maavaltio ilman merkitt\u00e4vi\u00e4 vesivarantoja, ja ilmastonmuutoksen pahentama kuivuus on heijastuu koko maahan. P\u00e4\u00e4kaupunki Kabulin l\u00e4ntisen os&hellip;\" \/>\n<meta property=\"og:url\" content=\"https:\/\/suomenkuvalehti.fi\/afgaaninaisen-katse\/vesipula-naannyttaa-kabulin-asukkaita-janoon\/\" \/>\n<meta property=\"og:site_name\" content=\"Afgaaninaisen katse\" \/>\n<meta property=\"article:published_time\" content=\"2023-11-15T12:39:25+00:00\" \/>\n<meta property=\"article:modified_time\" content=\"2023-11-15T12:39:26+00:00\" \/>\n<meta property=\"og:image\" content=\"https:\/\/suomenkuvalehti.fi\/afgaaninaisen-katse\/wp-content\/uploads\/sites\/49\/2023\/11\/water-article-1-1024x768.jpg\" \/>\n<meta name=\"author\" content=\"afgaaninaisen katse\" \/>\n<meta name=\"twitter:card\" content=\"summary_large_image\" \/>\n<meta name=\"twitter:label1\" content=\"Written by\" \/>\n\t<meta name=\"twitter:data1\" content=\"afgaaninaisen katse\" \/>\n\t<meta name=\"twitter:label2\" content=\"Est. reading time\" \/>\n\t<meta name=\"twitter:data2\" content=\"4 minuuttia\" \/>\n<script type=\"application\/ld+json\" class=\"yoast-schema-graph\">{\"@context\":\"https:\/\/schema.org\",\"@graph\":[{\"@type\":\"WebPage\",\"@id\":\"https:\/\/suomenkuvalehti.fi\/afgaaninaisen-katse\/vesipula-naannyttaa-kabulin-asukkaita-janoon\/\",\"url\":\"https:\/\/suomenkuvalehti.fi\/afgaaninaisen-katse\/vesipula-naannyttaa-kabulin-asukkaita-janoon\/\",\"name\":\"Vesipula n\u00e4\u00e4nnytt\u00e4\u00e4 Kabulin asukkaita janoon - Afgaaninaisen katse\",\"isPartOf\":{\"@id\":\"https:\/\/suomenkuvalehti.fi\/afgaaninaisen-katse\/#website\"},\"primaryImageOfPage\":{\"@id\":\"https:\/\/suomenkuvalehti.fi\/afgaaninaisen-katse\/vesipula-naannyttaa-kabulin-asukkaita-janoon\/#primaryimage\"},\"image\":{\"@id\":\"https:\/\/suomenkuvalehti.fi\/afgaaninaisen-katse\/vesipula-naannyttaa-kabulin-asukkaita-janoon\/#primaryimage\"},\"thumbnailUrl\":\"https:\/\/suomenkuvalehti.fi\/afgaaninaisen-katse\/wp-content\/uploads\/sites\/49\/2023\/11\/water-article-1-1024x768.jpg\",\"datePublished\":\"2023-11-15T12:39:25+00:00\",\"dateModified\":\"2023-11-15T12:39:26+00:00\",\"author\":{\"@id\":\"https:\/\/suomenkuvalehti.fi\/afgaaninaisen-katse\/#\/schema\/person\/2f9c765730d52f83783f99161b111141\"},\"breadcrumb\":{\"@id\":\"https:\/\/suomenkuvalehti.fi\/afgaaninaisen-katse\/vesipula-naannyttaa-kabulin-asukkaita-janoon\/#breadcrumb\"},\"inLanguage\":\"fi\",\"potentialAction\":[{\"@type\":\"ReadAction\",\"target\":[\"https:\/\/suomenkuvalehti.fi\/afgaaninaisen-katse\/vesipula-naannyttaa-kabulin-asukkaita-janoon\/\"]}]},{\"@type\":\"ImageObject\",\"inLanguage\":\"fi\",\"@id\":\"https:\/\/suomenkuvalehti.fi\/afgaaninaisen-katse\/vesipula-naannyttaa-kabulin-asukkaita-janoon\/#primaryimage\",\"url\":\"https:\/\/suomenkuvalehti.fi\/afgaaninaisen-katse\/wp-content\/uploads\/sites\/49\/2023\/11\/water-article-1.jpg\",\"contentUrl\":\"https:\/\/suomenkuvalehti.fi\/afgaaninaisen-katse\/wp-content\/uploads\/sites\/49\/2023\/11\/water-article-1.jpg\",\"width\":1080,\"height\":810},{\"@type\":\"BreadcrumbList\",\"@id\":\"https:\/\/suomenkuvalehti.fi\/afgaaninaisen-katse\/vesipula-naannyttaa-kabulin-asukkaita-janoon\/#breadcrumb\",\"itemListElement\":[{\"@type\":\"ListItem\",\"position\":1,\"name\":\"Home\",\"item\":\"https:\/\/suomenkuvalehti.fi\/afgaaninaisen-katse\/\"},{\"@type\":\"ListItem\",\"position\":2,\"name\":\"Vesipula n\u00e4\u00e4nnytt\u00e4\u00e4 Kabulin asukkaita janoon\"}]},{\"@type\":\"WebSite\",\"@id\":\"https:\/\/suomenkuvalehti.fi\/afgaaninaisen-katse\/#website\",\"url\":\"https:\/\/suomenkuvalehti.fi\/afgaaninaisen-katse\/\",\"name\":\"Afgaaninaisen katse\",\"description\":\"Blogin kirjoittajat ovat Afganistanissa el\u00e4vi\u00e4 Suomen kouluttamia naistoimittajia. Talibanin vainon takia he kirjoittavat nimett\u00f6min\u00e4.\",\"potentialAction\":[{\"@type\":\"SearchAction\",\"target\":{\"@type\":\"EntryPoint\",\"urlTemplate\":\"https:\/\/suomenkuvalehti.fi\/haku\/?q={search_term_string}\"},\"query-input\":{\"@type\":\"PropertyValueSpecification\",\"valueRequired\":true,\"valueName\":\"search_term_string\"}}],\"inLanguage\":\"fi\"},{\"@type\":\"Person\",\"@id\":\"https:\/\/suomenkuvalehti.fi\/afgaaninaisen-katse\/#\/schema\/person\/2f9c765730d52f83783f99161b111141\",\"name\":\"afgaaninaisen katse\",\"image\":{\"@type\":\"ImageObject\",\"inLanguage\":\"fi\",\"@id\":\"https:\/\/suomenkuvalehti.fi\/afgaaninaisen-katse\/#\/schema\/person\/image\/\",\"url\":\"https:\/\/suomenkuvalehti.fi\/afgaaninaisen-katse\/wp-content\/uploads\/sites\/49\/2022\/04\/afgaaninaisensilmin-600x600.jpg\",\"contentUrl\":\"https:\/\/suomenkuvalehti.fi\/afgaaninaisen-katse\/wp-content\/uploads\/sites\/49\/2022\/04\/afgaaninaisensilmin-600x600.jpg\",\"caption\":\"afgaaninaisen katse\"},\"description\":\"Blogin kirjoittajat ovat Afganistanissa el\u00e4vi\u00e4 Suomen kouluttamia naistoimittajia. Talibanin vainon takia he kirjoittavat nimett\u00f6min\u00e4.\"}]}<\/script>\n<!-- \/ Yoast SEO plugin. -->","yoast_head_json":{"title":"Vesipula n\u00e4\u00e4nnytt\u00e4\u00e4 Kabulin asukkaita janoon - Afgaaninaisen katse","robots":{"index":"index","follow":"follow","max-snippet":"max-snippet:-1","max-image-preview":"max-image-preview:large","max-video-preview":"max-video-preview:-1"},"canonical":"https:\/\/suomenkuvalehti.fi\/afgaaninaisen-katse\/vesipula-naannyttaa-kabulin-asukkaita-janoon\/","og_locale":"fi_FI","og_type":"article","og_title":"Vesipula n\u00e4\u00e4nnytt\u00e4\u00e4 Kabulin asukkaita janoon - Afgaaninaisen katse","og_description":"L\u00c4HES 80 PROSENTTIA afganistanilaisista perheist\u00e4 ei YK:n tilastojen mukaan saa riitt\u00e4v\u00e4sti vett\u00e4 p\u00e4ivitt\u00e4isiin tarpeisiinsa. Afganistan on sis\u00e4maavaltio ilman merkitt\u00e4vi\u00e4 vesivarantoja, ja ilmastonmuutoksen pahentama kuivuus on heijastuu koko maahan. P\u00e4\u00e4kaupunki Kabulin l\u00e4ntisen os&hellip;","og_url":"https:\/\/suomenkuvalehti.fi\/afgaaninaisen-katse\/vesipula-naannyttaa-kabulin-asukkaita-janoon\/","og_site_name":"Afgaaninaisen katse","article_published_time":"2023-11-15T12:39:25+00:00","article_modified_time":"2023-11-15T12:39:26+00:00","og_image":[{"url":"https:\/\/suomenkuvalehti.fi\/afgaaninaisen-katse\/wp-content\/uploads\/sites\/49\/2023\/11\/water-article-1-1024x768.jpg","type":"","width":"","height":""}],"author":"afgaaninaisen katse","twitter_card":"summary_large_image","twitter_misc":{"Written by":"afgaaninaisen katse","Est. reading time":"4 minuuttia"},"schema":{"@context":"https:\/\/schema.org","@graph":[{"@type":"WebPage","@id":"https:\/\/suomenkuvalehti.fi\/afgaaninaisen-katse\/vesipula-naannyttaa-kabulin-asukkaita-janoon\/","url":"https:\/\/suomenkuvalehti.fi\/afgaaninaisen-katse\/vesipula-naannyttaa-kabulin-asukkaita-janoon\/","name":"Vesipula n\u00e4\u00e4nnytt\u00e4\u00e4 Kabulin asukkaita janoon - Afgaaninaisen katse","isPartOf":{"@id":"https:\/\/suomenkuvalehti.fi\/afgaaninaisen-katse\/#website"},"primaryImageOfPage":{"@id":"https:\/\/suomenkuvalehti.fi\/afgaaninaisen-katse\/vesipula-naannyttaa-kabulin-asukkaita-janoon\/#primaryimage"},"image":{"@id":"https:\/\/suomenkuvalehti.fi\/afgaaninaisen-katse\/vesipula-naannyttaa-kabulin-asukkaita-janoon\/#primaryimage"},"thumbnailUrl":"https:\/\/suomenkuvalehti.fi\/afgaaninaisen-katse\/wp-content\/uploads\/sites\/49\/2023\/11\/water-article-1-1024x768.jpg","datePublished":"2023-11-15T12:39:25+00:00","dateModified":"2023-11-15T12:39:26+00:00","author":{"@id":"https:\/\/suomenkuvalehti.fi\/afgaaninaisen-katse\/#\/schema\/person\/2f9c765730d52f83783f99161b111141"},"breadcrumb":{"@id":"https:\/\/suomenkuvalehti.fi\/afgaaninaisen-katse\/vesipula-naannyttaa-kabulin-asukkaita-janoon\/#breadcrumb"},"inLanguage":"fi","potentialAction":[{"@type":"ReadAction","target":["https:\/\/suomenkuvalehti.fi\/afgaaninaisen-katse\/vesipula-naannyttaa-kabulin-asukkaita-janoon\/"]}]},{"@type":"ImageObject","inLanguage":"fi","@id":"https:\/\/suomenkuvalehti.fi\/afgaaninaisen-katse\/vesipula-naannyttaa-kabulin-asukkaita-janoon\/#primaryimage","url":"https:\/\/suomenkuvalehti.fi\/afgaaninaisen-katse\/wp-content\/uploads\/sites\/49\/2023\/11\/water-article-1.jpg","contentUrl":"https:\/\/suomenkuvalehti.fi\/afgaaninaisen-katse\/wp-content\/uploads\/sites\/49\/2023\/11\/water-article-1.jpg","width":1080,"height":810},{"@type":"BreadcrumbList","@id":"https:\/\/suomenkuvalehti.fi\/afgaaninaisen-katse\/vesipula-naannyttaa-kabulin-asukkaita-janoon\/#breadcrumb","itemListElement":[{"@type":"ListItem","position":1,"name":"Home","item":"https:\/\/suomenkuvalehti.fi\/afgaaninaisen-katse\/"},{"@type":"ListItem","position":2,"name":"Vesipula n\u00e4\u00e4nnytt\u00e4\u00e4 Kabulin asukkaita janoon"}]},{"@type":"WebSite","@id":"https:\/\/suomenkuvalehti.fi\/afgaaninaisen-katse\/#website","url":"https:\/\/suomenkuvalehti.fi\/afgaaninaisen-katse\/","name":"Afgaaninaisen katse","description":"Blogin kirjoittajat ovat Afganistanissa el\u00e4vi\u00e4 Suomen kouluttamia naistoimittajia. Talibanin vainon takia he kirjoittavat nimett\u00f6min\u00e4.","potentialAction":[{"@type":"SearchAction","target":{"@type":"EntryPoint","urlTemplate":"https:\/\/suomenkuvalehti.fi\/haku\/?q={search_term_string}"},"query-input":{"@type":"PropertyValueSpecification","valueRequired":true,"valueName":"search_term_string"}}],"inLanguage":"fi"},{"@type":"Person","@id":"https:\/\/suomenkuvalehti.fi\/afgaaninaisen-katse\/#\/schema\/person\/2f9c765730d52f83783f99161b111141","name":"afgaaninaisen katse","image":{"@type":"ImageObject","inLanguage":"fi","@id":"https:\/\/suomenkuvalehti.fi\/afgaaninaisen-katse\/#\/schema\/person\/image\/","url":"https:\/\/suomenkuvalehti.fi\/afgaaninaisen-katse\/wp-content\/uploads\/sites\/49\/2022\/04\/afgaaninaisensilmin-600x600.jpg","contentUrl":"https:\/\/suomenkuvalehti.fi\/afgaaninaisen-katse\/wp-content\/uploads\/sites\/49\/2022\/04\/afgaaninaisensilmin-600x600.jpg","caption":"afgaaninaisen katse"},"description":"Blogin kirjoittajat ovat Afganistanissa el\u00e4vi\u00e4 Suomen kouluttamia naistoimittajia. Talibanin vainon takia he kirjoittavat nimett\u00f6min\u00e4."}]}},"_links":{"self":[{"href":"https:\/\/suomenkuvalehti.fi\/afgaaninaisen-katse\/wp-json\/wp\/v2\/posts\/585","targetHints":{"allow":["GET"]}}],"collection":[{"href":"https:\/\/suomenkuvalehti.fi\/afgaaninaisen-katse\/wp-json\/wp\/v2\/posts"}],"about":[{"href":"https:\/\/suomenkuvalehti.fi\/afgaaninaisen-katse\/wp-json\/wp\/v2\/types\/post"}],"author":[{"embeddable":true,"href":"https:\/\/suomenkuvalehti.fi\/afgaaninaisen-katse\/wp-json\/wp\/v2\/users\/74442"}],"replies":[{"embeddable":true,"href":"https:\/\/suomenkuvalehti.fi\/afgaaninaisen-katse\/wp-json\/wp\/v2\/comments?post=585"}],"version-history":[{"count":2,"href":"https:\/\/suomenkuvalehti.fi\/afgaaninaisen-katse\/wp-json\/wp\/v2\/posts\/585\/revisions"}],"predecessor-version":[{"id":589,"href":"https:\/\/suomenkuvalehti.fi\/afgaaninaisen-katse\/wp-json\/wp\/v2\/posts\/585\/revisions\/589"}],"wp:attachment":[{"href":"https:\/\/suomenkuvalehti.fi\/afgaaninaisen-katse\/wp-json\/wp\/v2\/media?parent=585"}],"wp:term":[{"taxonomy":"category","embeddable":true,"href":"https:\/\/suomenkuvalehti.fi\/afgaaninaisen-katse\/wp-json\/wp\/v2\/categories?post=585"},{"taxonomy":"post_tag","embeddable":true,"href":"https:\/\/suomenkuvalehti.fi\/afgaaninaisen-katse\/wp-json\/wp\/v2\/tags?post=585"}],"curies":[{"name":"wp","href":"https:\/\/api.w.org\/{rel}","templated":true}]}}