{"id":379,"date":"2022-09-23T15:10:58","date_gmt":"2022-09-23T12:10:58","guid":{"rendered":"https:\/\/suomenkuvalehti.fi\/afgaaninaisen-katse\/?p=379"},"modified":"2022-09-23T15:10:59","modified_gmt":"2022-09-23T12:10:59","slug":"kidutettujen-ja-tapettujen-naisten-maara-kasvaa-rajusti","status":"publish","type":"post","link":"https:\/\/suomenkuvalehti.fi\/afgaaninaisen-katse\/kidutettujen-ja-tapettujen-naisten-maara-kasvaa-rajusti\/","title":{"rendered":"Kidutettujen ja tapettujen naisten m\u00e4\u00e4r\u00e4 kasvaa rajusti"},"content":{"rendered":"\n<p><strong>Paloitellun k\u00e4til\u00f6n ruumis l\u00f6ytyi. <\/strong> H\u00e4n oli ollut paluumatkalla ty\u00f6vuorostaan Mazar-i-Sharifin sairaalasta. K\u00e4til\u00f6 <strong>Nafish Balkhia<\/strong> oli kidutettu rajusti. Sukulaiset, paikalliset aktivistit ja useat kaupungin asukkaat kertovat talibanien tappaneen h\u00e4net, koska h\u00e4nell\u00e4 ei ollut miessukulaista, mahramia, mukanaan autossa.<\/p>\n\n\n\n<p>Afganistanissa toimivat ihmisoikeus- ja naisten oikeuksia seuraavat organisaatiot, my\u00f6s YK, ovat tuominneet esiin nousseita vastaavia naisiin kohdistuneita kidutuksia ja tappoja.<\/p>\n\n\n\n<p><strong>Taliban ei ker\u00e4\u00e4 surmattujen naisten<\/strong>  tapauksia. N\u00e4in totesi talibanhallinnon edustaja. H\u00e4nen mukaansa naisten murhat liittyv\u00e4t aina perheen sis\u00e4isiin ongelmiin.<\/p>\n\n\n\n<p>&#8211; Eik\u00e4 media jostain syyst\u00e4 hyv\u00e4ksy t\u00e4t\u00e4 selityst\u00e4.<\/p>\n\n\n\n<p><strong>P\u00e4\u00e4t\u00f6n naisen ruumis l\u00f6ytyi Kandaharista.<\/strong> Informaatio- ja kulttuuriministeri\u00f6n ty\u00f6ntekij\u00e4 <strong>Eidi Mah<\/strong> ja h\u00e4nen kaksi tyt\u00e4rt\u00e4\u00e4n ammuttiin Kabulissa.\u00a0<\/p>\n\n\n\n<p>Edellisen hallinnon naispoliisi <strong>Negar <\/strong>l\u00f6ytyi ammuttuna Ghorin maakunnassa.<\/p>\n\n\n\n<p>Naisaktivisti <strong>Samargol <\/strong>tapettiin Kapisan maakunnassa.<\/p>\n\n\n\n<p>13-vuotiaan koulutyt\u00f6n ruumis l\u00f6ytyi Kabulin keskustasta. Toinen tapettu tytt\u00f6 l\u00f6ytyi roskalaatikosta.<\/p>\n\n\n\n<p><strong>Kateissa jo kuukausia<\/strong> on ollut my\u00f6s naissotilas Heratista sek\u00e4 koulutytt\u00f6 Balkhin maakunnasta.<\/p>\n\n\n\n<p><strong>Alia Azizi<\/strong>, naissotilas Heratista, kateissa jo kuukausia. Samoin <strong>Mahsa<\/strong>, koulutytt\u00f6 Balkhin maakunnasta.<\/p>\n\n\n\n<p><strong>N\u00e4m\u00e4 ovat \u201dpikku-uutisia\u201d<\/strong> Afganistanin mediassa. Balkhin maakunnan keskuskaupungin&nbsp; Mazar-i-Sharifin asukkaat sanovat, ett\u00e4 ainakin kymmenen naista on tapettu talibanien hallinnon alettua.&nbsp;<\/p>\n\n\n\n<p>Paikallinen media kertoo nelj\u00e4st\u00e4 tapetusta nuoresta tyt\u00f6st\u00e4 ja ainakin yksi tytt\u00f6 on edelleen kateissa.&nbsp;<\/p>\n\n\n\n<p>Valtakunnan median tietojen mukaan ainakin 45 naista on ammuttu, kivitetty tai he ovat tehneet itsemurhan. Tapettuja naisia l\u00f6ytyy ymp\u00e4ri maata. Erityisesti pohjoinen Balkhin maakunta n\u00e4ytt\u00e4 olevan naisille vaarallinen.&nbsp;<\/p>\n\n\n\n<p><strong>L\u00f6ytyneiden ruumiiden m\u00e4\u00e4r\u00e4<\/strong> on todenn\u00e4k\u00f6isesti vain j\u00e4\u00e4vuoren huippu. Kadonneista tiet\u00e4v\u00e4t vain perheet.<\/p>\n\n\n\n<p><strong>Vuosi on kulunut<\/strong> talibanien hallinon aloitettua. Kohta vuosi on kulunut my\u00f6s kansalaisaktivisti <strong>Forozan Safin<\/strong> murhasta Mazar-i-Sharifissa Balkhin maakunnassa.<\/p>\n\n\n\n<p>N\u00e4in Forozanin is\u00e4 vastasi Radio Azadin kysymykseen tiet\u00e4\u00e4k\u00f6 h\u00e4n kuka tappoi h\u00e4nen tytt\u00e4rens\u00e4:<\/p>\n\n\n\n<p>\u2212 Asemiehet ampuivat tytt\u00e4reni. Sin\u00e4 tied\u00e4t paremmin kuin min\u00e4 keit\u00e4 nuo miehet voisivat olla. Mutta selv\u00e4\u00e4 on, ettei poliisilla ole aikomustakaan tutkia tapausta.&nbsp;<\/p>\n\n\n\n<p>Uutinen Forozan kuolemasta kiinnosti Afganistanin mediaa. Sis\u00e4ministeri\u00f6n <strong>Saeed Khosti<\/strong> joutui vahvistamaan, ett\u00e4 Forozan lis\u00e4ksi kolme muutakin naista oli tapettu Mazar-i-Sharifissa.<\/p>\n\n\n\n<p>Samanaikaisesti sielt\u00e4 l\u00f6ytyi my\u00f6s yhden naissotilaan ja kahden miessotilaan ruumiit.<\/p>\n\n\n\n<p>\u2212 Rikoksia ei voi v\u00e4hent\u00e4\u00e4 nollaan miss\u00e4\u00e4n yhteiskunnassa. Islamilainen emiraatti tutkii vakavasti kaikki t\u00e4llaiset tapaukset.Aina kun jossain ilmenee v\u00e4kivaltaa, me k\u00e4ynnist\u00e4mme tarvittavat toimenpiteet, taliban-hallinnon edustaja vakuutti.<\/p>\n\n\n\n<p><strong>Uhrien tilastotiedot puuttuvat<\/strong>. Mik\u00e4\u00e4n kansainv\u00e4linen tai afganistanilainen j\u00e4rjest\u00f6 ei ole julkaissut tilastotietoa taliban-hallinnon aikana tapettujen naisten m\u00e4\u00e4r\u00e4st\u00e4.<\/p>\n\n\n\n<p>&nbsp;Afganistanissa ei aiemminkaan ole juuri tilastoja harrastettu, joten kaikki luvut ovat jonkun arvioita.<\/p>\n\n\n\n<p><strong>Human Right Watchin<\/strong> loppusyksyn raportissa arvioidaan, ett\u00e4 taliban-hallinnon aikana on kadonnut tai teloitettu yli sata entisen hallinnon sotilas- ja turvallisuushenkil\u00f6\u00e4 nelj\u00e4ss\u00e4 maakunnassa ilman oikeudenk\u00e4yntej\u00e4. N\u00e4m\u00e4 ovat miehi\u00e4 ja naisia.<\/p>\n\n\n\n<p>Kaksi p\u00e4iv\u00e4\u00e4 valtaan tulonsa j\u00e4lkeen talibanit ilmoittivat, ett\u00e4 kaikki edellisen hallinnon ty\u00f6ntekij\u00e4t mukaan lukien sotilaat ja turvallisuushenkil\u00f6t, saavat yleisen armahduksen eik\u00e4 heit\u00e4 rangaista.<\/p>\n\n\n\n<p>Paljastuneiden teloitusten ja murhien valossa t\u00e4m\u00e4kin lupaus n\u00e4ytt\u00e4\u00e4 l\u00e4hinn\u00e4 irvokkaalta.<\/p>\n","protected":false},"excerpt":{"rendered":"<p>Paloitellun k\u00e4til\u00f6n ruumis l\u00f6ytyi. H\u00e4n oli ollut paluumatkalla ty\u00f6vuorostaan Mazar-i-Sharifin sairaalasta. K\u00e4til\u00f6 Nafish Balkhia oli kidutettu rajusti. Sukulaiset, paikalliset aktivistit ja useat kaupungin asukkaat kertovat talibanien tappaneen h\u00e4net, koska h\u00e4nell\u00e4<br \/>\nei ollut &hellip;<\/p>\n","protected":false},"author":74442,"featured_media":0,"comment_status":"open","ping_status":"open","sticky":false,"template":"","format":"standard","meta":{"_acf_changed":false,"asauth_required_access_level":0,"asauth_cansharepaid":"true","om_header_attributes":[],"footnotes":"","om_featured_image_focal_point":[],"om_primary_tag":0,"om_contributors":[],"om_co_authors":[],"beyondwords_generate_audio":"","beyondwords_project_id":"","beyondwords_content_id":"","beyondwords_preview_token":"","beyondwords_player_content":"","beyondwords_player_style":"","beyondwords_language_code":"","beyondwords_language_id":"","beyondwords_title_voice_id":"","beyondwords_body_voice_id":"","beyondwords_summary_voice_id":"","beyondwords_error_message":"","beyondwords_disabled":"","beyondwords_delete_content":"","beyondwords_podcast_id":"","beyondwords_hash":"","publish_post_to_speechkit":"","speechkit_hash":"","speechkit_generate_audio":"","speechkit_project_id":"","speechkit_podcast_id":"","speechkit_error_message":"","speechkit_disabled":"","speechkit_access_key":"","speechkit_error":"","speechkit_info":"","speechkit_response":"","speechkit_retries":"","speechkit_status":"","speechkit_updated_at":"","_speechkit_link":"","_speechkit_text":""},"categories":[1],"tags":[],"class_list":["post-379","post","type-post","status-publish","format-standard","hentry","category-yleinen"],"om_views":null,"acf":{"tuuma_off":false,"tuuma_kysymys":"","tuuma_vastaus":""},"asauth":{"required_access_level":1,"share_token":"","is_paid":false},"yoast_head":"<!-- This site is optimized with the Yoast SEO plugin v26.4 - https:\/\/yoast.com\/wordpress\/plugins\/seo\/ -->\n<title>Kidutettujen ja tapettujen naisten m\u00e4\u00e4r\u00e4 kasvaa rajusti - Afgaaninaisen katse<\/title>\n<meta name=\"robots\" content=\"index, follow, max-snippet:-1, max-image-preview:large, max-video-preview:-1\" \/>\n<link rel=\"canonical\" href=\"https:\/\/suomenkuvalehti.fi\/afgaaninaisen-katse\/kidutettujen-ja-tapettujen-naisten-maara-kasvaa-rajusti\/\" \/>\n<meta property=\"og:locale\" content=\"fi_FI\" \/>\n<meta property=\"og:type\" content=\"article\" \/>\n<meta property=\"og:title\" content=\"Kidutettujen ja tapettujen naisten m\u00e4\u00e4r\u00e4 kasvaa rajusti - Afgaaninaisen katse\" \/>\n<meta property=\"og:description\" content=\"Paloitellun k\u00e4til\u00f6n ruumis l\u00f6ytyi. H\u00e4n oli ollut paluumatkalla ty\u00f6vuorostaan Mazar-i-Sharifin sairaalasta. K\u00e4til\u00f6 Nafish Balkhia oli kidutettu rajusti. Sukulaiset, paikalliset aktivistit ja useat kaupungin asukkaat kertovat talibanien tappaneen h\u00e4net, koska h\u00e4nell\u00e4 ei ollut &hellip;\" \/>\n<meta property=\"og:url\" content=\"https:\/\/suomenkuvalehti.fi\/afgaaninaisen-katse\/kidutettujen-ja-tapettujen-naisten-maara-kasvaa-rajusti\/\" \/>\n<meta property=\"og:site_name\" content=\"Afgaaninaisen katse\" \/>\n<meta property=\"article:published_time\" content=\"2022-09-23T12:10:58+00:00\" \/>\n<meta property=\"article:modified_time\" content=\"2022-09-23T12:10:59+00:00\" \/>\n<meta property=\"og:image\" content=\"https:\/\/suomenkuvalehti.fi\/afgaaninaisen-katse\/wp-content\/uploads\/sites\/49\/2022\/04\/afgaaninaisensilmin-scaled.jpg\" \/>\n\t<meta property=\"og:image:width\" content=\"2560\" \/>\n\t<meta property=\"og:image:height\" content=\"1706\" \/>\n\t<meta property=\"og:image:type\" content=\"image\/jpeg\" \/>\n<meta name=\"author\" content=\"afgaaninaisen katse\" \/>\n<meta name=\"twitter:card\" content=\"summary_large_image\" \/>\n<meta name=\"twitter:label1\" content=\"Written by\" \/>\n\t<meta name=\"twitter:data1\" content=\"afgaaninaisen katse\" \/>\n\t<meta name=\"twitter:label2\" content=\"Est. reading time\" \/>\n\t<meta name=\"twitter:data2\" content=\"3 minuuttia\" \/>\n<script type=\"application\/ld+json\" class=\"yoast-schema-graph\">{\"@context\":\"https:\/\/schema.org\",\"@graph\":[{\"@type\":\"WebPage\",\"@id\":\"https:\/\/suomenkuvalehti.fi\/afgaaninaisen-katse\/kidutettujen-ja-tapettujen-naisten-maara-kasvaa-rajusti\/\",\"url\":\"https:\/\/suomenkuvalehti.fi\/afgaaninaisen-katse\/kidutettujen-ja-tapettujen-naisten-maara-kasvaa-rajusti\/\",\"name\":\"Kidutettujen ja tapettujen naisten m\u00e4\u00e4r\u00e4 kasvaa rajusti - Afgaaninaisen katse\",\"isPartOf\":{\"@id\":\"https:\/\/suomenkuvalehti.fi\/afgaaninaisen-katse\/#website\"},\"datePublished\":\"2022-09-23T12:10:58+00:00\",\"dateModified\":\"2022-09-23T12:10:59+00:00\",\"author\":{\"@id\":\"https:\/\/suomenkuvalehti.fi\/afgaaninaisen-katse\/#\/schema\/person\/2f9c765730d52f83783f99161b111141\"},\"breadcrumb\":{\"@id\":\"https:\/\/suomenkuvalehti.fi\/afgaaninaisen-katse\/kidutettujen-ja-tapettujen-naisten-maara-kasvaa-rajusti\/#breadcrumb\"},\"inLanguage\":\"fi\",\"potentialAction\":[{\"@type\":\"ReadAction\",\"target\":[\"https:\/\/suomenkuvalehti.fi\/afgaaninaisen-katse\/kidutettujen-ja-tapettujen-naisten-maara-kasvaa-rajusti\/\"]}]},{\"@type\":\"BreadcrumbList\",\"@id\":\"https:\/\/suomenkuvalehti.fi\/afgaaninaisen-katse\/kidutettujen-ja-tapettujen-naisten-maara-kasvaa-rajusti\/#breadcrumb\",\"itemListElement\":[{\"@type\":\"ListItem\",\"position\":1,\"name\":\"Home\",\"item\":\"https:\/\/suomenkuvalehti.fi\/afgaaninaisen-katse\/\"},{\"@type\":\"ListItem\",\"position\":2,\"name\":\"Kidutettujen ja tapettujen naisten m\u00e4\u00e4r\u00e4 kasvaa rajusti\"}]},{\"@type\":\"WebSite\",\"@id\":\"https:\/\/suomenkuvalehti.fi\/afgaaninaisen-katse\/#website\",\"url\":\"https:\/\/suomenkuvalehti.fi\/afgaaninaisen-katse\/\",\"name\":\"Afgaaninaisen katse\",\"description\":\"Blogin kirjoittajat ovat Afganistanissa el\u00e4vi\u00e4 Suomen kouluttamia naistoimittajia. Talibanin vainon takia he kirjoittavat nimett\u00f6min\u00e4.\",\"potentialAction\":[{\"@type\":\"SearchAction\",\"target\":{\"@type\":\"EntryPoint\",\"urlTemplate\":\"https:\/\/suomenkuvalehti.fi\/haku\/?q={search_term_string}\"},\"query-input\":{\"@type\":\"PropertyValueSpecification\",\"valueRequired\":true,\"valueName\":\"search_term_string\"}}],\"inLanguage\":\"fi\"},{\"@type\":\"Person\",\"@id\":\"https:\/\/suomenkuvalehti.fi\/afgaaninaisen-katse\/#\/schema\/person\/2f9c765730d52f83783f99161b111141\",\"name\":\"afgaaninaisen katse\",\"image\":{\"@type\":\"ImageObject\",\"inLanguage\":\"fi\",\"@id\":\"https:\/\/suomenkuvalehti.fi\/afgaaninaisen-katse\/#\/schema\/person\/image\/\",\"url\":\"https:\/\/suomenkuvalehti.fi\/afgaaninaisen-katse\/wp-content\/uploads\/sites\/49\/2022\/04\/afgaaninaisensilmin-600x600.jpg\",\"contentUrl\":\"https:\/\/suomenkuvalehti.fi\/afgaaninaisen-katse\/wp-content\/uploads\/sites\/49\/2022\/04\/afgaaninaisensilmin-600x600.jpg\",\"caption\":\"afgaaninaisen katse\"},\"description\":\"Blogin kirjoittajat ovat Afganistanissa el\u00e4vi\u00e4 Suomen kouluttamia naistoimittajia. Talibanin vainon takia he kirjoittavat nimett\u00f6min\u00e4.\"}]}<\/script>\n<!-- \/ Yoast SEO plugin. -->","yoast_head_json":{"title":"Kidutettujen ja tapettujen naisten m\u00e4\u00e4r\u00e4 kasvaa rajusti - Afgaaninaisen katse","robots":{"index":"index","follow":"follow","max-snippet":"max-snippet:-1","max-image-preview":"max-image-preview:large","max-video-preview":"max-video-preview:-1"},"canonical":"https:\/\/suomenkuvalehti.fi\/afgaaninaisen-katse\/kidutettujen-ja-tapettujen-naisten-maara-kasvaa-rajusti\/","og_locale":"fi_FI","og_type":"article","og_title":"Kidutettujen ja tapettujen naisten m\u00e4\u00e4r\u00e4 kasvaa rajusti - Afgaaninaisen katse","og_description":"Paloitellun k\u00e4til\u00f6n ruumis l\u00f6ytyi. H\u00e4n oli ollut paluumatkalla ty\u00f6vuorostaan Mazar-i-Sharifin sairaalasta. K\u00e4til\u00f6 Nafish Balkhia oli kidutettu rajusti. Sukulaiset, paikalliset aktivistit ja useat kaupungin asukkaat kertovat talibanien tappaneen h\u00e4net, koska h\u00e4nell\u00e4 ei ollut &hellip;","og_url":"https:\/\/suomenkuvalehti.fi\/afgaaninaisen-katse\/kidutettujen-ja-tapettujen-naisten-maara-kasvaa-rajusti\/","og_site_name":"Afgaaninaisen katse","article_published_time":"2022-09-23T12:10:58+00:00","article_modified_time":"2022-09-23T12:10:59+00:00","og_image":[{"width":2560,"height":1706,"url":"https:\/\/suomenkuvalehti.fi\/afgaaninaisen-katse\/wp-content\/uploads\/sites\/49\/2022\/04\/afgaaninaisensilmin-scaled.jpg","type":"image\/jpeg"}],"author":"afgaaninaisen katse","twitter_card":"summary_large_image","twitter_misc":{"Written by":"afgaaninaisen katse","Est. reading time":"3 minuuttia"},"schema":{"@context":"https:\/\/schema.org","@graph":[{"@type":"WebPage","@id":"https:\/\/suomenkuvalehti.fi\/afgaaninaisen-katse\/kidutettujen-ja-tapettujen-naisten-maara-kasvaa-rajusti\/","url":"https:\/\/suomenkuvalehti.fi\/afgaaninaisen-katse\/kidutettujen-ja-tapettujen-naisten-maara-kasvaa-rajusti\/","name":"Kidutettujen ja tapettujen naisten m\u00e4\u00e4r\u00e4 kasvaa rajusti - Afgaaninaisen katse","isPartOf":{"@id":"https:\/\/suomenkuvalehti.fi\/afgaaninaisen-katse\/#website"},"datePublished":"2022-09-23T12:10:58+00:00","dateModified":"2022-09-23T12:10:59+00:00","author":{"@id":"https:\/\/suomenkuvalehti.fi\/afgaaninaisen-katse\/#\/schema\/person\/2f9c765730d52f83783f99161b111141"},"breadcrumb":{"@id":"https:\/\/suomenkuvalehti.fi\/afgaaninaisen-katse\/kidutettujen-ja-tapettujen-naisten-maara-kasvaa-rajusti\/#breadcrumb"},"inLanguage":"fi","potentialAction":[{"@type":"ReadAction","target":["https:\/\/suomenkuvalehti.fi\/afgaaninaisen-katse\/kidutettujen-ja-tapettujen-naisten-maara-kasvaa-rajusti\/"]}]},{"@type":"BreadcrumbList","@id":"https:\/\/suomenkuvalehti.fi\/afgaaninaisen-katse\/kidutettujen-ja-tapettujen-naisten-maara-kasvaa-rajusti\/#breadcrumb","itemListElement":[{"@type":"ListItem","position":1,"name":"Home","item":"https:\/\/suomenkuvalehti.fi\/afgaaninaisen-katse\/"},{"@type":"ListItem","position":2,"name":"Kidutettujen ja tapettujen naisten m\u00e4\u00e4r\u00e4 kasvaa rajusti"}]},{"@type":"WebSite","@id":"https:\/\/suomenkuvalehti.fi\/afgaaninaisen-katse\/#website","url":"https:\/\/suomenkuvalehti.fi\/afgaaninaisen-katse\/","name":"Afgaaninaisen katse","description":"Blogin kirjoittajat ovat Afganistanissa el\u00e4vi\u00e4 Suomen kouluttamia naistoimittajia. Talibanin vainon takia he kirjoittavat nimett\u00f6min\u00e4.","potentialAction":[{"@type":"SearchAction","target":{"@type":"EntryPoint","urlTemplate":"https:\/\/suomenkuvalehti.fi\/haku\/?q={search_term_string}"},"query-input":{"@type":"PropertyValueSpecification","valueRequired":true,"valueName":"search_term_string"}}],"inLanguage":"fi"},{"@type":"Person","@id":"https:\/\/suomenkuvalehti.fi\/afgaaninaisen-katse\/#\/schema\/person\/2f9c765730d52f83783f99161b111141","name":"afgaaninaisen katse","image":{"@type":"ImageObject","inLanguage":"fi","@id":"https:\/\/suomenkuvalehti.fi\/afgaaninaisen-katse\/#\/schema\/person\/image\/","url":"https:\/\/suomenkuvalehti.fi\/afgaaninaisen-katse\/wp-content\/uploads\/sites\/49\/2022\/04\/afgaaninaisensilmin-600x600.jpg","contentUrl":"https:\/\/suomenkuvalehti.fi\/afgaaninaisen-katse\/wp-content\/uploads\/sites\/49\/2022\/04\/afgaaninaisensilmin-600x600.jpg","caption":"afgaaninaisen katse"},"description":"Blogin kirjoittajat ovat Afganistanissa el\u00e4vi\u00e4 Suomen kouluttamia naistoimittajia. Talibanin vainon takia he kirjoittavat nimett\u00f6min\u00e4."}]}},"_links":{"self":[{"href":"https:\/\/suomenkuvalehti.fi\/afgaaninaisen-katse\/wp-json\/wp\/v2\/posts\/379","targetHints":{"allow":["GET"]}}],"collection":[{"href":"https:\/\/suomenkuvalehti.fi\/afgaaninaisen-katse\/wp-json\/wp\/v2\/posts"}],"about":[{"href":"https:\/\/suomenkuvalehti.fi\/afgaaninaisen-katse\/wp-json\/wp\/v2\/types\/post"}],"author":[{"embeddable":true,"href":"https:\/\/suomenkuvalehti.fi\/afgaaninaisen-katse\/wp-json\/wp\/v2\/users\/74442"}],"replies":[{"embeddable":true,"href":"https:\/\/suomenkuvalehti.fi\/afgaaninaisen-katse\/wp-json\/wp\/v2\/comments?post=379"}],"version-history":[{"count":1,"href":"https:\/\/suomenkuvalehti.fi\/afgaaninaisen-katse\/wp-json\/wp\/v2\/posts\/379\/revisions"}],"predecessor-version":[{"id":380,"href":"https:\/\/suomenkuvalehti.fi\/afgaaninaisen-katse\/wp-json\/wp\/v2\/posts\/379\/revisions\/380"}],"wp:attachment":[{"href":"https:\/\/suomenkuvalehti.fi\/afgaaninaisen-katse\/wp-json\/wp\/v2\/media?parent=379"}],"wp:term":[{"taxonomy":"category","embeddable":true,"href":"https:\/\/suomenkuvalehti.fi\/afgaaninaisen-katse\/wp-json\/wp\/v2\/categories?post=379"},{"taxonomy":"post_tag","embeddable":true,"href":"https:\/\/suomenkuvalehti.fi\/afgaaninaisen-katse\/wp-json\/wp\/v2\/tags?post=379"}],"curies":[{"name":"wp","href":"https:\/\/api.w.org\/{rel}","templated":true}]}}