{"id":215,"date":"2014-04-14T11:28:21","date_gmt":"2014-04-14T08:28:21","guid":{"rendered":"https:\/\/suomenkuvalehti.fi\/35mm\/?p=215"},"modified":"2014-04-14T13:02:49","modified_gmt":"2014-04-14T10:02:49","slug":"ratkaiseva-hetki","status":"publish","type":"post","link":"https:\/\/suomenkuvalehti.fi\/35mm\/ratkaiseva-hetki\/","title":{"rendered":"Kuka l\u00e4hetti ven\u00e4l\u00e4iskuvaajan It\u00e4-Ukrainaan?"},"content":{"rendered":"\n<p>Viikonlopun aikana tilanne it\u00e4-Ukrainassa on tiivistynyt. Ven\u00e4j\u00e4-mieliset asejoukot ovat vallanneet poliisiasemia ja hallintorakennuksia useissa kaupungeissa. Ensimm\u00e4iset kuolonuhrit It\u00e4-Ukrainassa on kirjattu. Ukrainan v\u00e4liaikaishallitus on uhannut vakavilla vastatoimilla.<\/p>\n\n\n\n<p>Kuvatoimittajan ty\u00f6viikko alkaa 4-5 kuvatoimiston l\u00e4pik\u00e4ymisell\u00e4. Kuvat tapahtumista muistuttavat p\u00e4\u00e4llisin puolin itsekin todistamiani n\u00e4kymi\u00e4 alkuvuoden Maidanin mielenosoituksista Kiovassa. Rengasbarrikadeja, mellakkapoliisien rivej\u00e4, naamiomiehi\u00e4 l\u00e4mmittelem\u00e4ss\u00e4 hiilitynnyreiden hohteessa. Nyt mielenosoittajilla on aseet.<\/p>\n\n\n\n<p>Mutta miss\u00e4 ovat toimintakuvat poliisiasemien valtauksista ja n\u00e4ist\u00e4 uusista \u201dtunnistamattomista asemiehist\u00e4\u201d? Suurin osa kuvista on otettu tilanteiden rauhoituttua. Ja ne ovat j\u00e4lleen n\u00e4it\u00e4 staattisia kuvia barrikadeista ja aseita kantavista mielenosoittajista.<\/p>\n\n\n\n<p>K\u00e4yn l\u00e4pi satoja kuvia. Ainoat isoille uutistoimistoille p\u00e4\u00e4tyneet toimintakuvat l\u00f6ytyv\u00e4t kahdelta kuvaajalta. Toinen heist\u00e4 on Ven\u00e4j\u00e4n valtiollisen uutistoimiston Itar-Tassin valokuvaaja Mikhail Pochuyev. H\u00e4n on <a title=\"Mikhail Pochuyevin kuvia Itar-Tassin sivuilla\" href=\"http:\/\/en.itar-tass.com\/world\/727657\" target=\"_blank\">ehtinyt kuvaamaan<\/a> aamuh\u00e4m\u00e4riss\u00e4 Kramatorskin poliisiaseman miehityst\u00e4 ja iltap\u00e4iv\u00e4ll\u00e4 naapurikaupungin Slovyanskin tapahtumia. Paikalla n\u00e4yt\u00f6sluonteista valtausta seuraamassa oli my\u00f6s oheisen videon perusteella ainakin Russian Reporter -lehden toimeksiannosta ukrainalainen freelancekuvaaja Maxim Dondyuk, <a title=\"Euromaidan Youtube Kramatorsk\" href=\"https:\/\/www.youtube.com\/watch?v=bdd5LX2T69U\" target=\"_blank\">Euromaidanin videokuvaaja<\/a> sek\u00e4 <a title=\"Reuters Video Youtube\" href=\"https:\/\/www.youtube.com\/watch?v=chw9ziNfgCQ\" target=\"_blank\">Reutersin videokuvaaja<\/a>.<\/p>\n\n\n<figure class=\"wp-block-image size-large is-resized alignnone\">\n  <div class=\"wp-block-image__inner-container\">\n    <a href=\"https:\/\/suomenkuvalehti.fi\/35mm\/wp-content\/uploads\/sites\/8\/2014\/04\/SK_35mm_Blog14_4_2014-web1200px1.jpg\"><img loading=\"lazy\" decoding=\"async\" src=\"https:\/\/suomenkuvalehti.fi\/35mm\/wp-content\/uploads\/sites\/8\/2014\/04\/SK_35mm_Blog14_4_2014-web1200px1-1024x682.jpg\" alt=\"13.4.2014, Kramatorsk, Ukraina. Aseistetut miehet valtaavat kaupungin poliisiasemaa.\" class=\"wp-image-224\" width=\"1024\" height=\"682\" style=\"--aspect-ratio: 1.5\" srcset=\"https:\/\/suomenkuvalehti.fi\/35mm\/wp-content\/uploads\/sites\/8\/2014\/04\/SK_35mm_Blog14_4_2014-web1200px1-1024x682.jpg 1024w, https:\/\/suomenkuvalehti.fi\/35mm\/wp-content\/uploads\/sites\/8\/2014\/04\/SK_35mm_Blog14_4_2014-web1200px1-300x200.jpg 300w, https:\/\/suomenkuvalehti.fi\/35mm\/wp-content\/uploads\/sites\/8\/2014\/04\/SK_35mm_Blog14_4_2014-web1200px1.jpg 1200w\" sizes=\"auto, (max-width: 1024px) 100vw, 1024px\" \/><\/a>    <figcaption class=\"wp-block-image__figcaption\">\n      13.4.2014, Kramatorsk, Ukraina. Aseistetut miehet valtaavat kaupungin poliisiasemaa. \u00a9 Mikhail Pochuyev \/ Itar Tass \/ Lehtikuva          <\/figcaption>\n      <\/div>\n<\/figure>\n\n\n<p>Valokuvat ja erityisesti kunkin osapuolen riippumattomina pit\u00e4mien medioiden v\u00e4litt\u00e4m\u00e4t kuvat ovat haluttua propagandaa kiistanalaisista tapahtumista. Kuvaajan pit\u00e4\u00e4 kuitenkin osata olla oikeassa paikassa oikeaan aikaan. Tieto tulevista tapahtumista pit\u00e4\u00e4 saada jostain ja aina se ei ole ihan helppoa.<\/p>\n\n\n\n<p>J\u00e4in pohtimaan, tuliko vinkki tulevasta valtauksesta ja uusien, yhdenmukaista asepukua kantavien joukkojen ensiesiintymisest\u00e4 kotitoimituksesta vai tuntemattomaksi j\u00e4\u00e4neelt\u00e4 vinkkimiehelt\u00e4 lounaskahvilassa.<\/p>\n\n\n\n<p>Itar-Tassin Mikhail Pochyev seurasi kuviensa perusteella koko valtauksen aina bussilla tuotujen sotilaiden j\u00e4rjest\u00e4ytymisest\u00e4 aseman valtaukseen asti.<\/p>\n\n\n\n<p>Oliko hyv\u00e4 ajoitus sattumaa tai ei, kuvaajan t\u00e4rkein ominaisuus on olla paikalla ratkaisevalla hetkell\u00e4.<\/p>\n\n\n","protected":false},"excerpt":{"rendered":"<p>Viikonlopun aikana tilanne it\u00e4-Ukrainassa on tiivistynyt. Ven\u00e4j\u00e4-mieliset asejoukot ovat vallanneet poliisiasemia ja hallintorakennuksia useissa kaupungeissa. Ensimm\u00e4iset kuolonuhrit It\u00e4-Ukrainassa on kirjattu. Ukrainan v\u00e4liaikaishallitus on uhannut vakavilla vastatoimilla.<br \/>\nKuvat&hellip;<\/p>\n","protected":false},"author":143,"featured_media":0,"comment_status":"open","ping_status":"open","sticky":false,"template":"","format":"standard","meta":{"_acf_changed":false,"asauth_required_access_level":0,"asauth_cansharepaid":"","om_header_attributes":[],"footnotes":"","om_featured_image_focal_point":[],"om_primary_tag":0,"om_contributors":[],"om_co_authors":[],"beyondwords_generate_audio":"","beyondwords_project_id":"","beyondwords_content_id":"","beyondwords_preview_token":"","beyondwords_player_content":"","beyondwords_player_style":"","beyondwords_language_code":"","beyondwords_language_id":"","beyondwords_title_voice_id":"","beyondwords_body_voice_id":"","beyondwords_summary_voice_id":"","beyondwords_error_message":"","beyondwords_disabled":"","beyondwords_delete_content":"","beyondwords_podcast_id":"","beyondwords_hash":"","publish_post_to_speechkit":"","speechkit_hash":"","speechkit_generate_audio":"","speechkit_project_id":"","speechkit_podcast_id":"","speechkit_error_message":"","speechkit_disabled":"","speechkit_access_key":"","speechkit_error":"","speechkit_info":"","speechkit_response":"","speechkit_retries":"","speechkit_status":"","speechkit_updated_at":"","_speechkit_link":"","_speechkit_text":""},"categories":[1],"tags":[29,8,26,10,28,25,27,30],"class_list":["post-215","post","type-post","status-publish","format-standard","hentry","category-35mm","tag-kramatorsk","tag-kuvajournalismi","tag-kuvatoimisto","tag-kuvatoimittaminen","tag-propaganda","tag-ukraina","tag-uutistoimisto","tag-venaja"],"om_views":null,"acf":{"tuuma_off":false,"tuuma_kysymys":"","tuuma_vastaus":""},"asauth":{"required_access_level":1,"share_token":"","is_paid":false},"yoast_head":"<!-- This site is optimized with the Yoast SEO plugin v26.4 - https:\/\/yoast.com\/wordpress\/plugins\/seo\/ -->\n<title>Kuka l\u00e4hetti ven\u00e4l\u00e4iskuvaajan It\u00e4-Ukrainaan? - 35mm<\/title>\n<meta name=\"robots\" content=\"index, follow, max-snippet:-1, max-image-preview:large, max-video-preview:-1\" \/>\n<link rel=\"canonical\" href=\"https:\/\/suomenkuvalehti.fi\/35mm\/ratkaiseva-hetki\/\" \/>\n<meta property=\"og:locale\" content=\"fi_FI\" \/>\n<meta property=\"og:type\" content=\"article\" \/>\n<meta property=\"og:title\" content=\"Kuka l\u00e4hetti ven\u00e4l\u00e4iskuvaajan It\u00e4-Ukrainaan? - 35mm\" \/>\n<meta property=\"og:description\" content=\"Viikonlopun aikana tilanne it\u00e4-Ukrainassa on tiivistynyt. Ven\u00e4j\u00e4-mieliset asejoukot ovat vallanneet poliisiasemia ja hallintorakennuksia useissa kaupungeissa. Ensimm\u00e4iset kuolonuhrit It\u00e4-Ukrainassa on kirjattu. Ukrainan v\u00e4liaikaishallitus on uhannut vakavilla vastatoimilla. Kuvat&hellip;\" \/>\n<meta property=\"og:url\" content=\"https:\/\/suomenkuvalehti.fi\/35mm\/ratkaiseva-hetki\/\" \/>\n<meta property=\"og:site_name\" content=\"35mm\" \/>\n<meta property=\"article:published_time\" content=\"2014-04-14T08:28:21+00:00\" \/>\n<meta property=\"article:modified_time\" content=\"2014-04-14T10:02:49+00:00\" \/>\n<meta property=\"og:image\" content=\"https:\/\/suomenkuvalehti.fi\/35mm\/wp-content\/uploads\/sites\/8\/2014\/04\/SK_35mm_Blog14_4_2014-web1200px1-1024x682.jpg\" \/>\n<meta name=\"author\" content=\"Markus Pentik\u00e4inen\" \/>\n<meta name=\"twitter:label1\" content=\"Written by\" \/>\n\t<meta name=\"twitter:data1\" content=\"Markus Pentik\u00e4inen\" \/>\n\t<meta name=\"twitter:label2\" content=\"Est. reading time\" \/>\n\t<meta name=\"twitter:data2\" content=\"1 minuutti\" \/>\n<script type=\"application\/ld+json\" class=\"yoast-schema-graph\">{\"@context\":\"https:\/\/schema.org\",\"@graph\":[{\"@type\":\"WebPage\",\"@id\":\"https:\/\/suomenkuvalehti.fi\/35mm\/ratkaiseva-hetki\/\",\"url\":\"https:\/\/suomenkuvalehti.fi\/35mm\/ratkaiseva-hetki\/\",\"name\":\"Kuka l\u00e4hetti ven\u00e4l\u00e4iskuvaajan It\u00e4-Ukrainaan? - 35mm\",\"isPartOf\":{\"@id\":\"https:\/\/suomenkuvalehti.fi\/35mm\/#website\"},\"primaryImageOfPage\":{\"@id\":\"https:\/\/suomenkuvalehti.fi\/35mm\/ratkaiseva-hetki\/#primaryimage\"},\"image\":{\"@id\":\"https:\/\/suomenkuvalehti.fi\/35mm\/ratkaiseva-hetki\/#primaryimage\"},\"thumbnailUrl\":\"https:\/\/suomenkuvalehti.fi\/35mm\/wp-content\/uploads\/sites\/8\/2014\/04\/SK_35mm_Blog14_4_2014-web1200px1-1024x682.jpg\",\"datePublished\":\"2014-04-14T08:28:21+00:00\",\"dateModified\":\"2014-04-14T10:02:49+00:00\",\"author\":{\"@id\":\"https:\/\/suomenkuvalehti.fi\/35mm\/#\/schema\/person\/e0972852cba2aeea89d4fc67cfcfcf5f\"},\"breadcrumb\":{\"@id\":\"https:\/\/suomenkuvalehti.fi\/35mm\/ratkaiseva-hetki\/#breadcrumb\"},\"inLanguage\":\"fi\",\"potentialAction\":[{\"@type\":\"ReadAction\",\"target\":[\"https:\/\/suomenkuvalehti.fi\/35mm\/ratkaiseva-hetki\/\"]}]},{\"@type\":\"ImageObject\",\"inLanguage\":\"fi\",\"@id\":\"https:\/\/suomenkuvalehti.fi\/35mm\/ratkaiseva-hetki\/#primaryimage\",\"url\":\"https:\/\/suomenkuvalehti.fi\/35mm\/wp-content\/uploads\/sites\/8\/2014\/04\/SK_35mm_Blog14_4_2014-web1200px1.jpg\",\"contentUrl\":\"https:\/\/suomenkuvalehti.fi\/35mm\/wp-content\/uploads\/sites\/8\/2014\/04\/SK_35mm_Blog14_4_2014-web1200px1.jpg\",\"width\":1200,\"height\":800},{\"@type\":\"BreadcrumbList\",\"@id\":\"https:\/\/suomenkuvalehti.fi\/35mm\/ratkaiseva-hetki\/#breadcrumb\",\"itemListElement\":[{\"@type\":\"ListItem\",\"position\":1,\"name\":\"Home\",\"item\":\"https:\/\/suomenkuvalehti.fi\/35mm\/\"},{\"@type\":\"ListItem\",\"position\":2,\"name\":\"Kuka l\u00e4hetti ven\u00e4l\u00e4iskuvaajan It\u00e4-Ukrainaan?\"}]},{\"@type\":\"WebSite\",\"@id\":\"https:\/\/suomenkuvalehti.fi\/35mm\/#website\",\"url\":\"https:\/\/suomenkuvalehti.fi\/35mm\/\",\"name\":\"35mm\",\"description\":\"Suomen Kuvalehden kuvatoimittajien blogi valokuvasta ja kuvajournalismista.\",\"potentialAction\":[{\"@type\":\"SearchAction\",\"target\":{\"@type\":\"EntryPoint\",\"urlTemplate\":\"https:\/\/suomenkuvalehti.fi\/haku\/?q={search_term_string}\"},\"query-input\":{\"@type\":\"PropertyValueSpecification\",\"valueRequired\":true,\"valueName\":\"search_term_string\"}}],\"inLanguage\":\"fi\"},{\"@type\":\"Person\",\"@id\":\"https:\/\/suomenkuvalehti.fi\/35mm\/#\/schema\/person\/e0972852cba2aeea89d4fc67cfcfcf5f\",\"name\":\"Markus Pentik\u00e4inen\",\"image\":{\"@type\":\"ImageObject\",\"inLanguage\":\"fi\",\"@id\":\"https:\/\/suomenkuvalehti.fi\/35mm\/#\/schema\/person\/image\/\",\"url\":\"https:\/\/suomenkuvalehti.fi\/35mm\/wp-content\/uploads\/sites\/8\/2013\/11\/SK_PENTIK\u00c4INEN_Markus_MV_pieni-300x300-150x150.jpg\",\"contentUrl\":\"https:\/\/suomenkuvalehti.fi\/35mm\/wp-content\/uploads\/sites\/8\/2013\/11\/SK_PENTIK\u00c4INEN_Markus_MV_pieni-300x300-150x150.jpg\",\"caption\":\"Markus Pentik\u00e4inen\"},\"description\":\"Kirjoittaja on Suomen Kuvalehden kuvatoimittaja.\",\"sameAs\":[\"https:\/\/x.com\/https:\/\/twitter.com\/mrksphoto\"]}]}<\/script>\n<!-- \/ Yoast SEO plugin. -->","yoast_head_json":{"title":"Kuka l\u00e4hetti ven\u00e4l\u00e4iskuvaajan It\u00e4-Ukrainaan? - 35mm","robots":{"index":"index","follow":"follow","max-snippet":"max-snippet:-1","max-image-preview":"max-image-preview:large","max-video-preview":"max-video-preview:-1"},"canonical":"https:\/\/suomenkuvalehti.fi\/35mm\/ratkaiseva-hetki\/","og_locale":"fi_FI","og_type":"article","og_title":"Kuka l\u00e4hetti ven\u00e4l\u00e4iskuvaajan It\u00e4-Ukrainaan? - 35mm","og_description":"Viikonlopun aikana tilanne it\u00e4-Ukrainassa on tiivistynyt. Ven\u00e4j\u00e4-mieliset asejoukot ovat vallanneet poliisiasemia ja hallintorakennuksia useissa kaupungeissa. Ensimm\u00e4iset kuolonuhrit It\u00e4-Ukrainassa on kirjattu. Ukrainan v\u00e4liaikaishallitus on uhannut vakavilla vastatoimilla. Kuvat&hellip;","og_url":"https:\/\/suomenkuvalehti.fi\/35mm\/ratkaiseva-hetki\/","og_site_name":"35mm","article_published_time":"2014-04-14T08:28:21+00:00","article_modified_time":"2014-04-14T10:02:49+00:00","og_image":[{"url":"https:\/\/suomenkuvalehti.fi\/35mm\/wp-content\/uploads\/sites\/8\/2014\/04\/SK_35mm_Blog14_4_2014-web1200px1-1024x682.jpg","type":"","width":"","height":""}],"author":"Markus Pentik\u00e4inen","twitter_misc":{"Written by":"Markus Pentik\u00e4inen","Est. reading time":"1 minuutti"},"schema":{"@context":"https:\/\/schema.org","@graph":[{"@type":"WebPage","@id":"https:\/\/suomenkuvalehti.fi\/35mm\/ratkaiseva-hetki\/","url":"https:\/\/suomenkuvalehti.fi\/35mm\/ratkaiseva-hetki\/","name":"Kuka l\u00e4hetti ven\u00e4l\u00e4iskuvaajan It\u00e4-Ukrainaan? - 35mm","isPartOf":{"@id":"https:\/\/suomenkuvalehti.fi\/35mm\/#website"},"primaryImageOfPage":{"@id":"https:\/\/suomenkuvalehti.fi\/35mm\/ratkaiseva-hetki\/#primaryimage"},"image":{"@id":"https:\/\/suomenkuvalehti.fi\/35mm\/ratkaiseva-hetki\/#primaryimage"},"thumbnailUrl":"https:\/\/suomenkuvalehti.fi\/35mm\/wp-content\/uploads\/sites\/8\/2014\/04\/SK_35mm_Blog14_4_2014-web1200px1-1024x682.jpg","datePublished":"2014-04-14T08:28:21+00:00","dateModified":"2014-04-14T10:02:49+00:00","author":{"@id":"https:\/\/suomenkuvalehti.fi\/35mm\/#\/schema\/person\/e0972852cba2aeea89d4fc67cfcfcf5f"},"breadcrumb":{"@id":"https:\/\/suomenkuvalehti.fi\/35mm\/ratkaiseva-hetki\/#breadcrumb"},"inLanguage":"fi","potentialAction":[{"@type":"ReadAction","target":["https:\/\/suomenkuvalehti.fi\/35mm\/ratkaiseva-hetki\/"]}]},{"@type":"ImageObject","inLanguage":"fi","@id":"https:\/\/suomenkuvalehti.fi\/35mm\/ratkaiseva-hetki\/#primaryimage","url":"https:\/\/suomenkuvalehti.fi\/35mm\/wp-content\/uploads\/sites\/8\/2014\/04\/SK_35mm_Blog14_4_2014-web1200px1.jpg","contentUrl":"https:\/\/suomenkuvalehti.fi\/35mm\/wp-content\/uploads\/sites\/8\/2014\/04\/SK_35mm_Blog14_4_2014-web1200px1.jpg","width":1200,"height":800},{"@type":"BreadcrumbList","@id":"https:\/\/suomenkuvalehti.fi\/35mm\/ratkaiseva-hetki\/#breadcrumb","itemListElement":[{"@type":"ListItem","position":1,"name":"Home","item":"https:\/\/suomenkuvalehti.fi\/35mm\/"},{"@type":"ListItem","position":2,"name":"Kuka l\u00e4hetti ven\u00e4l\u00e4iskuvaajan It\u00e4-Ukrainaan?"}]},{"@type":"WebSite","@id":"https:\/\/suomenkuvalehti.fi\/35mm\/#website","url":"https:\/\/suomenkuvalehti.fi\/35mm\/","name":"35mm","description":"Suomen Kuvalehden kuvatoimittajien blogi valokuvasta ja kuvajournalismista.","potentialAction":[{"@type":"SearchAction","target":{"@type":"EntryPoint","urlTemplate":"https:\/\/suomenkuvalehti.fi\/haku\/?q={search_term_string}"},"query-input":{"@type":"PropertyValueSpecification","valueRequired":true,"valueName":"search_term_string"}}],"inLanguage":"fi"},{"@type":"Person","@id":"https:\/\/suomenkuvalehti.fi\/35mm\/#\/schema\/person\/e0972852cba2aeea89d4fc67cfcfcf5f","name":"Markus Pentik\u00e4inen","image":{"@type":"ImageObject","inLanguage":"fi","@id":"https:\/\/suomenkuvalehti.fi\/35mm\/#\/schema\/person\/image\/","url":"https:\/\/suomenkuvalehti.fi\/35mm\/wp-content\/uploads\/sites\/8\/2013\/11\/SK_PENTIK\u00c4INEN_Markus_MV_pieni-300x300-150x150.jpg","contentUrl":"https:\/\/suomenkuvalehti.fi\/35mm\/wp-content\/uploads\/sites\/8\/2013\/11\/SK_PENTIK\u00c4INEN_Markus_MV_pieni-300x300-150x150.jpg","caption":"Markus Pentik\u00e4inen"},"description":"Kirjoittaja on Suomen Kuvalehden kuvatoimittaja.","sameAs":["https:\/\/x.com\/https:\/\/twitter.com\/mrksphoto"]}]}},"_links":{"self":[{"href":"https:\/\/suomenkuvalehti.fi\/35mm\/wp-json\/wp\/v2\/posts\/215","targetHints":{"allow":["GET"]}}],"collection":[{"href":"https:\/\/suomenkuvalehti.fi\/35mm\/wp-json\/wp\/v2\/posts"}],"about":[{"href":"https:\/\/suomenkuvalehti.fi\/35mm\/wp-json\/wp\/v2\/types\/post"}],"author":[{"embeddable":true,"href":"https:\/\/suomenkuvalehti.fi\/35mm\/wp-json\/wp\/v2\/users\/143"}],"replies":[{"embeddable":true,"href":"https:\/\/suomenkuvalehti.fi\/35mm\/wp-json\/wp\/v2\/comments?post=215"}],"version-history":[{"count":14,"href":"https:\/\/suomenkuvalehti.fi\/35mm\/wp-json\/wp\/v2\/posts\/215\/revisions"}],"predecessor-version":[{"id":232,"href":"https:\/\/suomenkuvalehti.fi\/35mm\/wp-json\/wp\/v2\/posts\/215\/revisions\/232"}],"wp:attachment":[{"href":"https:\/\/suomenkuvalehti.fi\/35mm\/wp-json\/wp\/v2\/media?parent=215"}],"wp:term":[{"taxonomy":"category","embeddable":true,"href":"https:\/\/suomenkuvalehti.fi\/35mm\/wp-json\/wp\/v2\/categories?post=215"},{"taxonomy":"post_tag","embeddable":true,"href":"https:\/\/suomenkuvalehti.fi\/35mm\/wp-json\/wp\/v2\/tags?post=215"}],"curies":[{"name":"wp","href":"https:\/\/api.w.org\/{rel}","templated":true}]}}